{"id":11692,"date":"2023-01-28T13:07:04","date_gmt":"2023-01-28T13:07:04","guid":{"rendered":"https:\/\/appnoticias.com.ar\/app\/?p=11692"},"modified":"2023-01-28T13:11:40","modified_gmt":"2023-01-28T13:11:40","slug":"vivir-de-las-cosas-que-no-se-pueden-tocarpor-claudio-garcia","status":"publish","type":"post","link":"https:\/\/appnoticias.com.ar\/app\/vivir-de-las-cosas-que-no-se-pueden-tocarpor-claudio-garcia\/","title":{"rendered":"Vivir de las cosas que no se pueden tocar\/Por Claudio Garc\u00eda"},"content":{"rendered":"<p>Viedma.- (APP) En la hermosa canci\u00f3n de Joan Manuel Serrat \u201cLuc\u00eda\u201d hay un verso que dice \u201cno hay nada m\u00e1s bello que lo que nunca he tenido\u201d. Algo similar escribi\u00f3 en un poema la chilena Gabiela Mistral: \u201cAmo las cosas que nunca tuve\/con las otras que ya no tengo\u201d. M\u00e1s all\u00e1 que uno encuentre cierta felicidad en cosas concretas y materiales, no hay felicidad completa sin esas cosas intocables y tantas veces imaginarias, ps\u00edquicas o inmateriales que tienen que ver con la esperanza, los sue\u00f1os, las metas, las utop\u00edas y, hacia atr\u00e1s, los recuerdos. En verdad dir\u00eda que algunas de las satisfacciones m\u00e1s grandes s\u00f3lo se materializan como idea en la cabeza, sin que el resto del cuerpo intervenga. Y adem\u00e1s constituyen el est\u00edmulo para enfrentar las cosas cotidianas que nos llevan gran parte del d\u00eda.<\/p>\n<p>Como escribi\u00f3 Karel Kosic, uno de los fil\u00f3sofos marxistas m\u00e1s importantes del siglo XX: \u201c\u2026cada d\u00eda de la cotidianidad puede ser cambiado por otro correspondiente; este jueves, en su cotidianidad, es indistinguible del jueves de la semana pasada y del a\u00f1o pasado. Por ello se funde con los otros jueves y se conserva; es decir, s\u00f3lo se diferencia y emerge a la memoria gracias a algo particular y excepcional\u00bb.<\/p>\n<p>Muchos dir\u00e1n para qu\u00e9 sirve vivir de fantas\u00edas, de ideas que en muchos casos nunca se terminar\u00e1n de concretar. El uruguayo Eduardo Galeano responder\u00eda con algo que escribi\u00f3 sobre la utop\u00eda: \u201cLa utop\u00eda est\u00e1 en el horizonte. Camino dos pasos, ella se aleja dos pasos y el horizonte se corre diez pasos m\u00e1s all\u00e1. \u00bfEntonces para qu\u00e9 sirve la utop\u00eda? Para ello, sirve para caminar\u201d. Por eso el tener anhelos, deseos, no por llegar a tener cosas materiales como un gran auto, no para obtener cosas, es lo que otorga a nuestros d\u00edas mayor vivacidad, una liberaci\u00f3n del hast\u00edo de tantas obligaciones cotidianas y rutinarias que debemos cumplir. No para asentarnos en la pasividad, sino para marchar, para crecer. En ese camino uno encuentra cierta felicidad y cierto optimismo, no la falsa felicidad y el falso optimismo de la sociedad de consumo. La conquista de cosas materiales es la que nos trae el vac\u00edo y la inactividad. Ya lo dijo Marx \u00ab&#8230;la producci\u00f3n de demasiadas cosas \u00fatiles da como resultado demasiados hombres in\u00fatiles. Con la masa de objetos crece tambi\u00e9n la esfera de entidades ajenas a las que est\u00e1 sometido el hombre. Todo nuevo producto es una nueva potencialidad de enga\u00f1o y robo mutuos. El hombre se vuelve cada vez m\u00e1s pobre en cuanto hombre&#8230;\u00bb En cambio, el perseverar cueste lo que cueste en el ser para desplegar nuestras potencialidades, nos hace sentir m\u00e1s \u00fatiles y por lo tanto rozamos la felicidad.<\/p>\n<p>En \u00faltima instancia decir quiero ser feliz es afirmar quiero ser. Volviendo a la frase de Serrat y a la de Gabriela Mistral, uno se siente m\u00e1s pleno siendo poseedor de cosas que en realidad no se tienen materialmente hablando, sino que se atesoran espiritualmente, no en un sentido filos\u00f3ficamente idealista o religioso. No. Hablo de esp\u00edritu atado a la mortalidad en el sentido de un conjunto de significados culturalmente compartidos que representan la vida y que se resume en aquello de \u2018lo m\u00e1s importante de uno\u2019.<\/p>\n<p>Otra cosa que se atesora espiritualmente y hace a la felicidad son los recuerdos, eso que dijo Gabriel Mistral de amar las cosas que ya no tengo. El tiempo se puede llevar la dicha, los momentos en que nos hemos sentido plenos, pero todo eso vuelve en forma de nostalgia. Ya lo dijo Savater: \u201cSomos optimistas no por creer que vayamos a ser felices, sino por creer que lo hemos sido. La felicidad es una de las formas de la memoria\u201d. Y creo adem\u00e1s que en esto de lo que la memoria atesora, no lo que ya se perdi\u00f3 irremediablemente, est\u00e1 la ficci\u00f3n, la literatura que hemos le\u00eddo. Ese empe\u00f1o que tienen los libros en situarnos en otros tiempos, en otros paisajes, en cuerpo de personas distintas a nosotros. <span style=\"font-size: 16px;\">Recuerdo un art\u00edculo de Tom\u00e1s Eloy Mart\u00ednez donde dec\u00eda que sus recuerdos m\u00e1s v\u00edvidos no eran los que verdaderamente hab\u00eda protagonizado, sino los que ven\u00edan de la ficci\u00f3n y de la historia. Sent\u00eda y recordaba haber sido parte y protagonista de hechos que hab\u00edan sucedido incluso antes de haber nacido o de historias que salieron de la imaginaci\u00f3n de un escritor. Eso tan maravilloso que generan algunos libros. <\/span><\/p>\n<p><span style=\"font-size: 16px;\">Todos necesitamos inyectarnos nuevas fuerzas para vivir, para rozar la felicidad, para sentirnos un poco m\u00e1s all\u00e1 de lo que hacemos habitualmente para conservar la vida. All\u00ed entonces est\u00e1n esas cosas que en general no podemos tocar materialmente hablando pero son las m\u00e1s importantes: los sue\u00f1os, los deseos, las metas, las utop\u00edas, el amor, la lectura de los libros, la m\u00fasica que cantamos o escuchamos. Vivimos por todas esas cosas, no s\u00f3lo para envejecer o morir. S\u00f3lo as\u00ed la muerte, como escribi\u00f3 Tu\u00f1\u00f3n, ser\u00e1 como un \u00faltimo asombro. (APP)<\/span><\/p>\n","protected":false},"excerpt":{"rendered":"Viedma.- (APP) En la hermosa canci\u00f3n de Joan Manuel Serrat \u201cLuc\u00eda\u201d hay un verso que dice \u201cno hay nada m\u00e1s bello que lo \n<a class=\"moretag\" href=\"https:\/\/appnoticias.com.ar\/app\/vivir-de-las-cosas-que-no-se-pueden-tocarpor-claudio-garcia\/\"> [...]<\/a>","protected":false},"author":5,"featured_media":0,"comment_status":"closed","ping_status":"closed","sticky":false,"template":"","format":"standard","meta":{"footnotes":""},"categories":[8],"tags":[],"class_list":["post-11692","post","type-post","status-publish","format-standard","hentry","category-cultura-y-educacion"],"_links":{"self":[{"href":"https:\/\/appnoticias.com.ar\/app\/wp-json\/wp\/v2\/posts\/11692","targetHints":{"allow":["GET"]}}],"collection":[{"href":"https:\/\/appnoticias.com.ar\/app\/wp-json\/wp\/v2\/posts"}],"about":[{"href":"https:\/\/appnoticias.com.ar\/app\/wp-json\/wp\/v2\/types\/post"}],"author":[{"embeddable":true,"href":"https:\/\/appnoticias.com.ar\/app\/wp-json\/wp\/v2\/users\/5"}],"replies":[{"embeddable":true,"href":"https:\/\/appnoticias.com.ar\/app\/wp-json\/wp\/v2\/comments?post=11692"}],"version-history":[{"count":1,"href":"https:\/\/appnoticias.com.ar\/app\/wp-json\/wp\/v2\/posts\/11692\/revisions"}],"predecessor-version":[{"id":11694,"href":"https:\/\/appnoticias.com.ar\/app\/wp-json\/wp\/v2\/posts\/11692\/revisions\/11694"}],"wp:attachment":[{"href":"https:\/\/appnoticias.com.ar\/app\/wp-json\/wp\/v2\/media?parent=11692"}],"wp:term":[{"taxonomy":"category","embeddable":true,"href":"https:\/\/appnoticias.com.ar\/app\/wp-json\/wp\/v2\/categories?post=11692"},{"taxonomy":"post_tag","embeddable":true,"href":"https:\/\/appnoticias.com.ar\/app\/wp-json\/wp\/v2\/tags?post=11692"}],"curies":[{"name":"wp","href":"https:\/\/api.w.org\/{rel}","templated":true}]}}