{"id":11961,"date":"2017-09-18T10:13:00","date_gmt":"2017-09-18T10:13:00","guid":{"rendered":"https:\/\/appnoticias.com.ar\/app\/?p=11961"},"modified":"2017-09-18T11:47:21","modified_gmt":"2017-09-18T11:47:21","slug":"pichetto-me-preocupa-mucho-las-cosas-que-pasan-hoy-en-la-cordillera","status":"publish","type":"post","link":"https:\/\/appnoticias.com.ar\/app\/pichetto-me-preocupa-mucho-las-cosas-que-pasan-hoy-en-la-cordillera\/","title":{"rendered":"Pichetto: \u201cMe preocupa mucho las cosas que pasan hoy en la cordillera\u201d"},"content":{"rendered":"<p>&nbsp;<\/p>\n<p>Viedma.- (APP) El senador nacional Miguel Pichetto afirm\u00f3 que \u201cme preocupa mucho las cosas que pasan hoy en la cordillera\u201d. Mencion\u00f3 en este marco \u201cla desaparici\u00f3n de Santiago Maldonado, esperemos que aparezca con vida y se pueda esclarecer debidamente lo que pas\u00f3\u201d, pero tambi\u00e9n \u201cque exista una reivindicaci\u00f3n de territorio en el territorio argentino, que se considere un desprecio la nacionalidad argentina, que se revaloricen esos temas en los medios de comunicaci\u00f3n y la violencia de ese sector denominado RAM (Resistencia Ancestral Mapuche)\u201d.<\/p>\n<p>Diferenci\u00f3 claramente los reclamos justos de la aparici\u00f3n con vida de Maldonado y las demandas de las comunidades mapuches pac\u00edficas de muchos a\u00f1os, de los hechos violentos protagonizados por RAM que est\u00e1n demostrados \u2013\u201clo he hablado con gente que sabe y conoce este tema desde hace a\u00f1os\u201d- y que reci\u00e9n aparecieron en los \u00faltimos a\u00f1os. \u201cEsto no tiene que ver con comunidades pac\u00edficas que reclaman, no, yo estoy hablando de acciones violentas, que se han sucedido, y no han tenido una gran repercusi\u00f3n en los medios de comunicaci\u00f3n, ni siquiera de la provincia\u201d, asever\u00f3.<\/p>\n<p>Indic\u00f3 que \u201ccuando este tema pase, se esclarezca\u201d, por la desaparici\u00f3n de Maldonado, se debe abordar seriamente esa violencia de RAM, \u201clo tendr\u00e1 que hacer el Congreso, el Poder Ejecutivo\u201d.<\/p>\n<p>Inform\u00f3 a APP que en ese marco impulsar\u00e1 la idea \u201cde volver a fortalecer la presencia de las fuerzas armadas en la frontera; en el dise\u00f1o de nuestra Argentina cuando se hacen los regimientos del Ej\u00e9rcito se instalan a lo largo de la frontera, son presencias disuasivas, no digo que el Ej\u00e9rcito vaya a reprimir, no quiero que nadie se confunda\u201d.<\/p>\n<p>Enfatiz\u00f3 que se trata de \u201cuna presencia y una convivencia con la comunidades\u201d de la frontera (Covunco, Zapala, Bariloche, entre otros, mencion\u00f3), \u201cvolver a fortalecer esto\u201d.<\/p>\n<p>Pichetto indic\u00f3 que \u201ctal vez nunca se deb\u00eda haber autorizado la venta de tierras a empresarios extranjeros en la zona patag\u00f3nica m\u00e1s rica de la Argentina y pegadas a la frontera\u201d, pero la violencia de un sector radicalizado mapuche \u201ces muy grave\u201d, como la quema del refugio Neumeyer.<\/p>\n<p>Se\u00f1al\u00f3 que \u201cesto se deber\u00eda tratar\u201d en profundidad una vez que se esclarezca la situaci\u00f3n de la desaparici\u00f3n de Maldonado.<\/p>\n<p>Enfatiz\u00f3 que \u201chay mucho tufillo de Sendero en la precordillera y en la cordillera de Neuqu\u00e9n a Bariloche y Esquel y cruza la frontera chilena\u201d, \u00a0aludiendo al grupo guerrillero Sendero Luminoso en Per\u00fa, ya desarticulado desde principios de los 90, y los hechos violentos que reivindica RAM.<\/p>\n<p>Reconoci\u00f3 a APP que las denuncias del supuesto entrenamiento militar o apoyo de grupos extranjeros a ese sector RAM no han sido demostradas, \u201cson hechos no corroborados\u201d, pero s\u00ed lo que est\u00e1 demostrado es que \u201ceste grupo quem\u00f3 el refugio Neumeyer, un refugio paradigm\u00e1tico, lo hizo el arquitecto Neumeyer de Brasil, el que construy\u00f3 Brasilia, y otros refugios, entraron en campos, aunque yo no voy a defender a Benetton\u201d.<\/p>\n<p>\u201cCuando uno escucha al vocero (por Jonas Huala) en t\u00e9rminos de lo que dice, es preocupante, de la lucha armada, que hay que resistir, esto no estaba, empez\u00f3 hace unos 12 a\u00f1os\u201d, asever\u00f3.<\/p>\n<p>Diferenci\u00f3 el reclamo de la comunidades mapuches de muchos a\u00f1os, \u201cque est\u00e1 bien, mientras se haga en forma pac\u00edfica, eso es leg\u00edtimo y para eso hay una ley del congreso que habilit\u00f3 un registro y que el Estado est\u00e1 evaluando\u201d, de los hechos violentos de RAM \u201cen el epicentro de la provincia, en la zona de El Bols\u00f3n-Bariloche\u201d. (APP)<\/p>\n<p>&nbsp;<\/p>\n<p>&nbsp;<\/p>\n<p>&nbsp;<\/p>\n","protected":false},"excerpt":{"rendered":"&nbsp; Viedma.- (APP) El senador nacional Miguel Pichetto afirm\u00f3 que \u201cme preocupa mucho las cosas que pasan hoy en la cordillera\u201d. Mencion\u00f3 en \n<a class=\"moretag\" href=\"https:\/\/appnoticias.com.ar\/app\/pichetto-me-preocupa-mucho-las-cosas-que-pasan-hoy-en-la-cordillera\/\"> [...]<\/a>","protected":false},"author":5,"featured_media":0,"comment_status":"closed","ping_status":"closed","sticky":false,"template":"","format":"standard","meta":{"footnotes":""},"categories":[3],"tags":[],"class_list":["post-11961","post","type-post","status-publish","format-standard","hentry","category-politica"],"_links":{"self":[{"href":"https:\/\/appnoticias.com.ar\/app\/wp-json\/wp\/v2\/posts\/11961","targetHints":{"allow":["GET"]}}],"collection":[{"href":"https:\/\/appnoticias.com.ar\/app\/wp-json\/wp\/v2\/posts"}],"about":[{"href":"https:\/\/appnoticias.com.ar\/app\/wp-json\/wp\/v2\/types\/post"}],"author":[{"embeddable":true,"href":"https:\/\/appnoticias.com.ar\/app\/wp-json\/wp\/v2\/users\/5"}],"replies":[{"embeddable":true,"href":"https:\/\/appnoticias.com.ar\/app\/wp-json\/wp\/v2\/comments?post=11961"}],"version-history":[{"count":1,"href":"https:\/\/appnoticias.com.ar\/app\/wp-json\/wp\/v2\/posts\/11961\/revisions"}],"predecessor-version":[{"id":11962,"href":"https:\/\/appnoticias.com.ar\/app\/wp-json\/wp\/v2\/posts\/11961\/revisions\/11962"}],"wp:attachment":[{"href":"https:\/\/appnoticias.com.ar\/app\/wp-json\/wp\/v2\/media?parent=11961"}],"wp:term":[{"taxonomy":"category","embeddable":true,"href":"https:\/\/appnoticias.com.ar\/app\/wp-json\/wp\/v2\/categories?post=11961"},{"taxonomy":"post_tag","embeddable":true,"href":"https:\/\/appnoticias.com.ar\/app\/wp-json\/wp\/v2\/tags?post=11961"}],"curies":[{"name":"wp","href":"https:\/\/api.w.org\/{rel}","templated":true}]}}