{"id":134,"date":"2016-11-07T13:13:19","date_gmt":"2016-11-07T13:13:19","guid":{"rendered":"https:\/\/appnoticias.com.ar\/app\/?p=134"},"modified":"2016-11-07T13:13:19","modified_gmt":"2016-11-07T13:13:19","slug":"el-senado-declaro-monumento-historico-al-viejo-puente-de-hierro-que-une-rio-colorado-con-la-adela","status":"publish","type":"post","link":"https:\/\/appnoticias.com.ar\/app\/el-senado-declaro-monumento-historico-al-viejo-puente-de-hierro-que-une-rio-colorado-con-la-adela\/","title":{"rendered":"EL SENADO DECLAR\u00d3 MONUMENTO HIST\u00d3RICO AL VIEJO PUENTE DE HIERRO QUE UNE RIO COLORADO CON LA ADELA"},"content":{"rendered":"<div id=\"m_814468911113117084yiv2567014000yui_3_16_0_ym19_1_1478523105150_3891\" align=\"center\"><span id=\"m_814468911113117084yiv2567014000yui_3_16_0_ym19_1_1478523105150_3899\" lang=\"ES\">(APP) &#8211; El senado de la naci\u00f3n declar\u00f3 monumento hist\u00f3rico nacional <\/span><span id=\"m_814468911113117084yiv2567014000yui_3_16_0_ym19_1_1478523105150_3900\">al viejo puente de hierro que sobre la ruta nacional n\u00ba 22 une a las localidades de R\u00edo Colorado, en R\u00edo Negro, y La Adela, en la provincia de La Pampa.<\/span><\/div>\n<div id=\"m_814468911113117084yiv2567014000yui_3_16_0_ym19_1_1478523105150_3898\"><\/div>\n<div id=\"m_814468911113117084yiv2567014000yui_3_16_0_ym19_1_1478523105150_3902\"><span id=\"m_814468911113117084yiv2567014000yui_3_16_0_ym19_1_1478523105150_3903\">La senadora nacional Magdalena Odarda, impulsora de la iniciativa, describe en los fundamentos que el 15 de octubre de 1906, el Juez de Paz de la localidad de Buena Parada, Don Manuel Zevallos, le env\u00eda una nota al gobernador Gallardo donde le comunica que \u201c&#8230;hace 8 meses entabl\u00f3 gestiones ante la Empresa del Ferrocarril Sud, pidiendo la construcci\u00f3n de un Puente sobre el R\u00edo Colorado&#8230;\u201d<\/span><\/div>\n<div id=\"m_814468911113117084yiv2567014000yui_3_16_0_ym19_1_1478523105150_3902\"><\/div>\n<div id=\"m_814468911113117084yiv2567014000yui_3_16_0_ym19_1_1478523105150_3905\"><span id=\"m_814468911113117084yiv2567014000yui_3_16_0_ym19_1_1478523105150_3906\">Los vecinos tambi\u00e9n se movilizaron con el objetivo de interesar a la Empresa, quien efectivamente se hace cargo de la obra y de esta manera el 25 de mayo del 1909 se inaugura el Puente Carretero que unir\u00e1, luego, a los pueblos de Buena Parada y La Adela. De este modo la Estaci\u00f3n R\u00edo Colorado del Ferrocarril Sud, fue la primera estaci\u00f3n ferroviaria de la Patagonia, en una simbiosis cuasi perfecta: pues estaci\u00f3n y puente dan vida a un nuevo centro poblado que toma el nombre de su estaci\u00f3n: R\u00edo Colorado. El puente, durante casi un siglo, ha sido ni m\u00e1s ni menos que el sost\u00e9n del tr\u00e1nsito cotidiano de centenares de personas y de transportes de todo tipo.<\/span><\/div>\n<div id=\"m_814468911113117084yiv2567014000yui_3_16_0_ym19_1_1478523105150_3905\"><\/div>\n<div id=\"m_814468911113117084yiv2567014000yui_3_16_0_ym19_1_1478523105150_3908\"><span id=\"m_814468911113117084yiv2567014000yui_3_16_0_ym19_1_1478523105150_3909\">Rememora Odarda que generaciones enteras sufrieron con \u00e9l y compartieron triunfos y desdichas, lluvias y sequ\u00edas. Otros lo vieron nacer y disfrutaron caminando diariamente por sus calzadas o pescando desde sus barandas, por ello es inadmisible lo dejemos morir sin intentar salvarlo, en tanto no hay dudas de que forma parte del patrimonio hist\u00f3rico de la provincia.<\/span><\/div>\n<div id=\"m_814468911113117084yiv2567014000yui_3_16_0_ym19_1_1478523105150_3908\"><\/div>\n<div id=\"m_814468911113117084yiv2567014000yui_3_16_0_ym19_1_1478523105150_3836\"><\/div>\n<div id=\"m_814468911113117084yiv2567014000yui_3_16_0_ym19_1_1478523105150_3911\" dir=\"ltr\"><span id=\"m_814468911113117084yiv2567014000yui_3_16_0_ym19_1_1478523105150_3912\">Cabe recordar que en R\u00edo Negro, la ley n\u00ba 4433 declar\u00f3 Monumento Hist\u00f3rico Provincial al Viejo Puente de Hierro sobre el R\u00edo Colorado. Iniciativa en consonancia con los reclamos de las comunidades de La Adela y R\u00edo Colorado.<\/span><span id=\"m_814468911113117084yiv2567014000yui_3_16_0_ym19_1_1478523105150_3913\" lang=\"ES\"><\/span><\/div>\n<div id=\"m_814468911113117084yiv2567014000yui_3_16_0_ym19_1_1478523105150_3911\" dir=\"ltr\"><\/div>\n<div id=\"m_814468911113117084yiv2567014000yui_3_16_0_ym19_1_1478523105150_3911\" dir=\"ltr\"><span id=\"m_814468911113117084yiv2567014000yui_3_16_0_ym19_1_1478523105150_7818\" style=\"font-family: Arial, sans-serif;\">Prensa Senadora Magdalena Odarda<\/span><\/div>\n<div id=\"m_814468911113117084yiv2567014000yui_3_16_0_ym19_1_1478523105150_3911\" dir=\"ltr\"><span id=\"m_814468911113117084yiv2567014000yui_3_16_0_ym19_1_1478523105150_7819\" style=\"font-family: Arial, sans-serif;\">Frente Progresista CC ARI<\/span><\/div>\n","protected":false},"excerpt":{"rendered":"(APP) &#8211; El senado de la naci\u00f3n declar\u00f3 monumento hist\u00f3rico nacional al viejo puente de hierro que sobre la ruta nacional n\u00ba 22 \n<a class=\"moretag\" href=\"https:\/\/appnoticias.com.ar\/app\/el-senado-declaro-monumento-historico-al-viejo-puente-de-hierro-que-une-rio-colorado-con-la-adela\/\"> [...]<\/a>","protected":false},"author":4,"featured_media":0,"comment_status":"closed","ping_status":"closed","sticky":false,"template":"","format":"standard","meta":{"footnotes":""},"categories":[1],"tags":[],"class_list":["post-134","post","type-post","status-publish","format-standard","hentry","category-sin-categoria"],"_links":{"self":[{"href":"https:\/\/appnoticias.com.ar\/app\/wp-json\/wp\/v2\/posts\/134","targetHints":{"allow":["GET"]}}],"collection":[{"href":"https:\/\/appnoticias.com.ar\/app\/wp-json\/wp\/v2\/posts"}],"about":[{"href":"https:\/\/appnoticias.com.ar\/app\/wp-json\/wp\/v2\/types\/post"}],"author":[{"embeddable":true,"href":"https:\/\/appnoticias.com.ar\/app\/wp-json\/wp\/v2\/users\/4"}],"replies":[{"embeddable":true,"href":"https:\/\/appnoticias.com.ar\/app\/wp-json\/wp\/v2\/comments?post=134"}],"version-history":[{"count":1,"href":"https:\/\/appnoticias.com.ar\/app\/wp-json\/wp\/v2\/posts\/134\/revisions"}],"predecessor-version":[{"id":136,"href":"https:\/\/appnoticias.com.ar\/app\/wp-json\/wp\/v2\/posts\/134\/revisions\/136"}],"wp:attachment":[{"href":"https:\/\/appnoticias.com.ar\/app\/wp-json\/wp\/v2\/media?parent=134"}],"wp:term":[{"taxonomy":"category","embeddable":true,"href":"https:\/\/appnoticias.com.ar\/app\/wp-json\/wp\/v2\/categories?post=134"},{"taxonomy":"post_tag","embeddable":true,"href":"https:\/\/appnoticias.com.ar\/app\/wp-json\/wp\/v2\/tags?post=134"}],"curies":[{"name":"wp","href":"https:\/\/api.w.org\/{rel}","templated":true}]}}