{"id":140,"date":"2016-11-07T13:20:13","date_gmt":"2016-11-07T13:20:13","guid":{"rendered":"https:\/\/appnoticias.com.ar\/app\/?p=140"},"modified":"2016-11-07T13:20:13","modified_gmt":"2016-11-07T13:20:13","slug":"mas-de-1000-vecinos-de-viedma-y-san-javier-se-formaron-en-oficios-a-traves-del-programa-emprender","status":"publish","type":"post","link":"https:\/\/appnoticias.com.ar\/app\/mas-de-1000-vecinos-de-viedma-y-san-javier-se-formaron-en-oficios-a-traves-del-programa-emprender\/","title":{"rendered":"M\u00e1s de 1000 vecinos de Viedma y San Javier se formaron en oficios a trav\u00e9s del programa EMPRENDER"},"content":{"rendered":"<h5 class=\"title\">(APP) &#8211; El gobernador de R\u00edo Negro, Alberto Weretilneck encabez\u00f3 este s\u00e1bado el cierre de los talleres de capacitaci\u00f3n del Programa EMPRENDER.<\/h5>\n<p>Se trata de 143 talleres destinados m\u00e1s de 1000 vecinos de Viedma y San Javier por \u00a0los que el Gobierno provincial invirti\u00f3 m\u00e1s $3.400.000, destinados al pago de los capacitadores.<br \/>\nAcompa\u00f1aron el vicegobernador, Pedro Pesatti; el ministro de Desarrollo Social, Fabi\u00e1n Galli; el secretario General de la Gobernaci\u00f3n, Mat\u00edas Rulli; y el secretario de Gobierno municipal, Pedro S\u00e1nchez, en representaci\u00f3n del intendente Jos\u00e9 Luis Foulkes.\u00a0\u00a0Adem\u00e1s participaron la directora de Emergencia Social y Capacitaci\u00f3n del Ministerio de Desarrollo Social, Norma Beatriz G\u00f3mez; los legisladores Facundo L\u00f3pez, Graciela Valdebenito y Rodolfo Cufr\u00e9; dem\u00e1s autoridades provinciales, municipales, capacitadores y vecinos .<\/p>\n<p>El programa \u201cEMPRENDER\u201d, perteneciente al Ministerio de Desarrollo Social, tiene como objetivo fortalecer las capacidades productivas y de autogesti\u00f3n, habilidades o destrezas de las personas para un mejor posicionamiento en el mercado laboral y productivo, seg\u00fan las necesidades del desarrollo local. Articulando acciones con municipios, organizaciones comunitarias y juntas vecinales, pretende la formaci\u00f3n en oficios, actividades productivas alternativas, como tambi\u00e9n en comercializaci\u00f3n de productos.<\/p>\n<p>En esta oportunidad se\u00a0\u00a0trat\u00f3 de 137 talleres destinados a diferentes barrios de Viedma y otros seis talleres para vecinos de San Javier, todos ellos representaron una inversi\u00f3n total de $3.432.000, destinados al pago de los capacitadores.<\/p>\n<p>Cabe se\u00f1alar que los talleres han sido orientados en distintos oficios tales como carpinter\u00eda, jardiner\u00eda, chapa y pintura del automotor, peluquer\u00eda, cocina, reposter\u00eda, costura, panificaci\u00f3n, maquillaje, depilaci\u00f3n, cer\u00e1mica , alba\u00f1iler\u00eda, jugueter\u00eda, pintura decorativa, porcelana fr\u00eda, talabarter\u00eda, construcci\u00f3n en seco, amoblamiento de fibrof\u00e1cil, entre otros.<\/p>\n<p>&nbsp;<\/p>\n<p><strong><em>\u201cLa vida es una aprendizaje constante\u201d<\/em><\/strong><\/p>\n<p>&nbsp;<\/p>\n<p>En este contexto, el gobernador Alberto Weretilneck, agradeci\u00f3 la presencia de las autoridades provinciales y municipales y de todos los capacitadores, talleristas y alumnos y destac\u00f3 el trabajo realizado por el Ministerio de Desarrollo Social de la Provincia.<\/p>\n<p>Durante el acto remarc\u00f3 que \u201cuno no termina nunca de aprender y la vida es un aprendizaje siempre. Nacemos aprendiendo, nos criamos aprendiendo, somos padres y abuelos aprendiendo. Quienes creen que todo lo sabemos o todo est\u00e1 hechos son aquellos a los que despu\u00e9s le va mal\u201d.<\/p>\n<p>Asimismo agreg\u00f3 que\u00a0\u00a0\u201cno hay edad para aprender, hay quienes dicen que el \u00fanico lugar para aprender es la escuela, pero est\u00e1 demostrado que no, que la escuela es solo una parte, pero despu\u00e9s hay muchas maneras de aprender\u201d.<\/p>\n<p>Se refiri\u00f3 a la finalidad del programa EMPRENDER y se\u00f1al\u00f3 que \u201cmuchos de ustedes, seguramente, ten\u00edan ganas de hacer algo o les gustaba una actividad ya sea cortar el pelo, bordar, tejer, soldar, y no ten\u00edan la posibilidad que alguien les ense\u00f1e.\u00a0\u00a0El Programa EMPRENDER tiene este objetivo, que con pr\u00e1cticamente nada ustedes puedan aprender algo que les gust\u00f3 toda la vida\u201d.<\/p>\n<p>Weretilneck indic\u00f3 que el programa no solo tiene como objetivo aprender, sino que \u201ctambi\u00e9n significa una posibilidad de compartir y estar. Compartir alegr\u00edas,\u00a0\u00a0tristezas y poder escuchar a otros\u201d.<\/p>\n<p>\u201cPor un lado aprendemos y por otro compartimos, pero tambi\u00e9n es importante porque esto puedo permitir, de alguna manera, una entrada de dinero a nuestros hogares. Entonces son tres puntos para destacar: poder aprender, poder compartir\u00a0\u00a0con los compa\u00f1eros nuestras cosas buenas y malas,\u00a0\u00a0y poder vender y conseguir un dinero extra para el hogar\u201d, remarc\u00f3.<\/p>\n<p>Por otra parte, agradeci\u00f3 a las autoridades de las Juntas Vecinales, talleristas y alumnos \u201cpor animarse a aprender\u201d.<\/p>\n<p>Finalmente, remarc\u00f3 que \u201cpara nosotros como Gobierno de la Provincia significa una alegr\u00eda inmensa y asegur\u00f3 que \u201cel a\u00f1o que viene vamos a seguir con otros talleres y otras actividades\u201d.<\/p>\n<p>Por su parte, Sergio Testore, presidente de la Junta Vecinal del barrio Guido agradeci\u00f3 a las autoridades presentes\u00a0\u00a0y se\u00f1al\u00f3 que \u201cnos llevamos nuevamente una experiencia con cada uno de los talleres del Programa Emprender con los cuales se han beneficiado, en Viedma, a unas 1000 personas\u201d.<\/p>\n<p>\u201cEsto significa que todas estas personas tienen una salida laboral y que tienen la posibilidad de trabajar de lo que eligieron\u201d, agreg\u00f3.<\/p>\n<p>Por \u00faltimo, destac\u00f3 la importancia de los talleres y expres\u00f3 que\u00a0\u00a0\u201cadem\u00e1s de ense\u00f1ar se lleva mucha contenci\u00f3n y esto hace que los j\u00f3venes est\u00e9n m\u00e1s ocupados y m\u00e1s contenidos\u201d.<\/p>\n","protected":false},"excerpt":{"rendered":"(APP) &#8211; El gobernador de R\u00edo Negro, Alberto Weretilneck encabez\u00f3 este s\u00e1bado el cierre de los talleres de capacitaci\u00f3n del Programa EMPRENDER. Se \n<a class=\"moretag\" href=\"https:\/\/appnoticias.com.ar\/app\/mas-de-1000-vecinos-de-viedma-y-san-javier-se-formaron-en-oficios-a-traves-del-programa-emprender\/\"> [...]<\/a>","protected":false},"author":4,"featured_media":0,"comment_status":"closed","ping_status":"closed","sticky":false,"template":"","format":"standard","meta":{"footnotes":""},"categories":[1],"tags":[],"class_list":["post-140","post","type-post","status-publish","format-standard","hentry","category-sin-categoria"],"_links":{"self":[{"href":"https:\/\/appnoticias.com.ar\/app\/wp-json\/wp\/v2\/posts\/140","targetHints":{"allow":["GET"]}}],"collection":[{"href":"https:\/\/appnoticias.com.ar\/app\/wp-json\/wp\/v2\/posts"}],"about":[{"href":"https:\/\/appnoticias.com.ar\/app\/wp-json\/wp\/v2\/types\/post"}],"author":[{"embeddable":true,"href":"https:\/\/appnoticias.com.ar\/app\/wp-json\/wp\/v2\/users\/4"}],"replies":[{"embeddable":true,"href":"https:\/\/appnoticias.com.ar\/app\/wp-json\/wp\/v2\/comments?post=140"}],"version-history":[{"count":1,"href":"https:\/\/appnoticias.com.ar\/app\/wp-json\/wp\/v2\/posts\/140\/revisions"}],"predecessor-version":[{"id":143,"href":"https:\/\/appnoticias.com.ar\/app\/wp-json\/wp\/v2\/posts\/140\/revisions\/143"}],"wp:attachment":[{"href":"https:\/\/appnoticias.com.ar\/app\/wp-json\/wp\/v2\/media?parent=140"}],"wp:term":[{"taxonomy":"category","embeddable":true,"href":"https:\/\/appnoticias.com.ar\/app\/wp-json\/wp\/v2\/categories?post=140"},{"taxonomy":"post_tag","embeddable":true,"href":"https:\/\/appnoticias.com.ar\/app\/wp-json\/wp\/v2\/tags?post=140"}],"curies":[{"name":"wp","href":"https:\/\/api.w.org\/{rel}","templated":true}]}}