{"id":144,"date":"2016-11-07T13:22:02","date_gmt":"2016-11-07T13:22:02","guid":{"rendered":"https:\/\/appnoticias.com.ar\/app\/?p=144"},"modified":"2016-11-07T13:22:02","modified_gmt":"2016-11-07T13:22:02","slug":"encabezado-por-weretilneck-se-reunio-el-gabinete-provincial-para-analizar-diversos-temas","status":"publish","type":"post","link":"https:\/\/appnoticias.com.ar\/app\/encabezado-por-weretilneck-se-reunio-el-gabinete-provincial-para-analizar-diversos-temas\/","title":{"rendered":"Encabezado por Weretilneck, se reuni\u00f3 el Gabinete Provincial para analizar diversos temas"},"content":{"rendered":"<h5 class=\"title\">(APP) &#8211; El gobernador, Alberto Weretilneck, encabez\u00f3 hoy una reuni\u00f3n de gabinete en la que se analiz\u00f3 la situaci\u00f3n econ\u00f3mica y financiera de la provincia y se avanz\u00f3 en la futura implementaci\u00f3n del Plan de Modernizaci\u00f3n del Estado.<\/h5>\n<p>Del encuentro, desarrollado en la Residencia de los Gobernadores, participaron el secretario general de la Gobernaci\u00f3n, Mat\u00edas Rulli; los ministros de Gobierno, Luis Di Gi\u00e1como; de Agricultura, Ganader\u00eda y Pesca, Marcelo Martin; de Seguridad y Justicia, Gast\u00f3n P\u00e9rez Estevan; de Turismo, Cultura y Deporte, Silvina Arrieta; de Desarrollo Social, Fabi\u00e1n Galli; de Educaci\u00f3n y Derechos Humanos, M\u00f3nica Silva; de Obras y Servicios P\u00fablicos, Carlos Valeri y de Salud, Fabi\u00e1n Zgaib.<br \/>\nTambi\u00e9n estuvieron presentes los secretarios de Estado de Energ\u00eda, Sebasti\u00e1n Caldiero y de Trabajo, Lucas Pica, y el subsecretario de Medios, Gustavo Glave.<br \/>\nDurante la reuni\u00f3n, cada uno de los Ministros y Secretarios realiz\u00f3 un an\u00e1lisis de la situaci\u00f3n econ\u00f3mica y financiera de las \u00e1reas a su cargo. Se realiz\u00f3 un repaso sobre los principales puntos del Presupuesto 2017, que ser\u00e1 elevado pr\u00f3ximamente a la Legislatura, as\u00ed como un an\u00e1lisis de la evoluci\u00f3n de los ingresos provinciales, donde se evidenci\u00f3 la marcada baja en la llegada de fondos correspondientes a la Coparticipaci\u00f3n Federal de Impuestos, as\u00ed como un buen desempe\u00f1o de la recaudaci\u00f3n provincial.<br \/>\nEn el caso de Educaci\u00f3n, la Ministra Silva detall\u00f3 aspectos de la pol\u00edtica implementada durante el a\u00f1o, destacando logros de la gesti\u00f3n y adelant\u00f3 algunas particularidades de la puesta en marcha de la Nueva Escuela Secundaria Rionegrina.<br \/>\nAdem\u00e1s, todos los funcionarios analizaron la marcha de la implementaci\u00f3n del Plan de Modernizaci\u00f3n del Estado, que busca constituir una administraci\u00f3n p\u00fablica m\u00e1s eficiente, eficaz y de calidad en la prestaci\u00f3n de servicios.<br \/>\nAl culminar el encuentro, el Ministro P\u00e9rez Estevan explic\u00f3 que la cierre del a\u00f1o \u201ccada una de las \u00e1reas debemos presentar, a requerimiento del Ministerio de Hacienda, las propuestas para el 2017 y trabajar de acuerdo a las posibilidades y las expectativas que se tienen para el a\u00f1o entrante\u201d.<br \/>\n\u201cEn Seguridad y Justicia tenemos una buena ejecuci\u00f3n del presupuesto planteado para el 2016 en materia de obras, personal y gastos corrientes. Estamos satisfechos con el trabajo que se ha hecho este a\u00f1o y los Ministros han manifestado haber cerrado un buen a\u00f1o\u201d, asegur\u00f3.<br \/>\nDijo que para el 2017 se proyecta \u201cun presupuesto austero, pero que no generar\u00e1 ninguna limitaci\u00f3n para seguir trabajando en la misma l\u00ednea\u201d.<br \/>\nRespecto al plan de Modernizaci\u00f3n del Estado, explic\u00f3 que \u201cse trata de un proyecto hist\u00f3rico para la provincia, donde se trata de reemplazar en muchos aspectos el factor humano y poder darle un espacio a la tecnolog\u00eda\u201d.<br \/>\n\u201cEl objetivo es sortear trabas burocr\u00e1ticas y administrativas, tiempos y el desgaste de los empleados y de la gente que tiene necesidad de acceder al Estado\u201d, dijo.<br \/>\n\u201cInvertir y trabajar en esto tiene dos desaf\u00edos: la cuesti\u00f3n presupuestaria y tecnol\u00f3gica y adem\u00e1s poder desarrollar trabajos en conjunto, sentarnos en esta mesa con el Gobernador a la cabeza y que se puedan coordinar pol\u00edticas p\u00fablicas en conjunto que traigan una mejor productividad del Estado\u201d, finaliz\u00f3.<\/p>\n","protected":false},"excerpt":{"rendered":"(APP) &#8211; El gobernador, Alberto Weretilneck, encabez\u00f3 hoy una reuni\u00f3n de gabinete en la que se analiz\u00f3 la situaci\u00f3n econ\u00f3mica y financiera de \n<a class=\"moretag\" href=\"https:\/\/appnoticias.com.ar\/app\/encabezado-por-weretilneck-se-reunio-el-gabinete-provincial-para-analizar-diversos-temas\/\"> [...]<\/a>","protected":false},"author":4,"featured_media":0,"comment_status":"closed","ping_status":"closed","sticky":false,"template":"","format":"standard","meta":{"footnotes":""},"categories":[1],"tags":[],"class_list":["post-144","post","type-post","status-publish","format-standard","hentry","category-sin-categoria"],"_links":{"self":[{"href":"https:\/\/appnoticias.com.ar\/app\/wp-json\/wp\/v2\/posts\/144","targetHints":{"allow":["GET"]}}],"collection":[{"href":"https:\/\/appnoticias.com.ar\/app\/wp-json\/wp\/v2\/posts"}],"about":[{"href":"https:\/\/appnoticias.com.ar\/app\/wp-json\/wp\/v2\/types\/post"}],"author":[{"embeddable":true,"href":"https:\/\/appnoticias.com.ar\/app\/wp-json\/wp\/v2\/users\/4"}],"replies":[{"embeddable":true,"href":"https:\/\/appnoticias.com.ar\/app\/wp-json\/wp\/v2\/comments?post=144"}],"version-history":[{"count":1,"href":"https:\/\/appnoticias.com.ar\/app\/wp-json\/wp\/v2\/posts\/144\/revisions"}],"predecessor-version":[{"id":146,"href":"https:\/\/appnoticias.com.ar\/app\/wp-json\/wp\/v2\/posts\/144\/revisions\/146"}],"wp:attachment":[{"href":"https:\/\/appnoticias.com.ar\/app\/wp-json\/wp\/v2\/media?parent=144"}],"wp:term":[{"taxonomy":"category","embeddable":true,"href":"https:\/\/appnoticias.com.ar\/app\/wp-json\/wp\/v2\/categories?post=144"},{"taxonomy":"post_tag","embeddable":true,"href":"https:\/\/appnoticias.com.ar\/app\/wp-json\/wp\/v2\/tags?post=144"}],"curies":[{"name":"wp","href":"https:\/\/api.w.org\/{rel}","templated":true}]}}