{"id":166,"date":"2016-11-07T15:52:28","date_gmt":"2016-11-07T15:52:28","guid":{"rendered":"https:\/\/appnoticias.com.ar\/app\/?p=166"},"modified":"2016-11-08T12:21:00","modified_gmt":"2016-11-08T12:21:00","slug":"jornada-debate-en-memoria-de-lucas-munoz-en-la-unrn","status":"publish","type":"post","link":"https:\/\/appnoticias.com.ar\/app\/jornada-debate-en-memoria-de-lucas-munoz-en-la-unrn\/","title":{"rendered":"Jornada debate en memoria de Lucas Mu\u00f1oz en la UNRN"},"content":{"rendered":"<p>&nbsp;<\/p>\n<p>Viedma.- (APP) &#8211; La Sede Atl\u00e1ntica de la Universidad Nacional de R\u00edo Negro organiza la Jornada debate <strong>\u201cSeguridad y Universidad en R\u00edo Negro del siglo XXI<\/strong>\u201c, en memoria de Lucas Mu\u00f1oz, Oficial de Polic\u00eda asesinado en San Carlos de Bariloche.<\/p>\n<p>La jornada\u00a0 propone llevar adelante un debate sobre el\u00a0 actual funcionamiento de las Pol\u00edticas de Seguridad, la Instituci\u00f3n Policial y la formaci\u00f3n de las Fuerzas de Seguridad en la Provincia de R\u00edo Negro.<\/p>\n<p>El encuentro se desarrollar\u00e1 el d\u00eda jueves 10 de noviembre en el aula 4 de la Manzana Hist\u00f3rica de Viedma, a partir de las 9:00 horas.<\/p>\n<p>Esta actividad\u00a0 apunta adem\u00e1s a sostener el reclamo por la memoria, la verdad y la justicia ante la muerte del graduado Lucas Mu\u00f1oz, ex alumno de la Tecnicatura en Seguridad Ciudadana de la Universidad Nacional de R\u00edo Negro.<\/p>\n<p>Participar\u00e1n como disertantes el Mg. Anselmo Torres, Vicerrector de la Sede Atl\u00e1ntica de la Universidad Nacional de R\u00edo Negro, Javier Mu\u00f1oz Ocarez, hermano de Lucas Mu\u00f1oz, el padre Luis Garc\u00eda, P\u00e1rroco de la Catedral Nuestra Se\u00f1ora de la Merced y Walter Pueba Mor\u00f3n, docente de la Universidad Nacional de R\u00edo Negro.<strong><u>\u00a0<\/u><\/strong><\/p>\n<p><strong><u>Temario <\/u><\/strong><\/p>\n<ul>\n<li>Anselmo Torres vicerrector de la Sede Atl\u00e1ntica de la Universidad Nacional de R\u00edo Negro : \u201cUniversidad y formaci\u00f3n policial\u201d<\/li>\n<li>Javier Mu\u00f1oz Ocarez , hermano de Lucas Mu\u00f1oz.<\/li>\n<li>Padre Luis Garcia, P\u00e1rroco de Nuestra Se\u00f1ora de la Merced.<\/li>\n<li>Walter Puebla Mor\u00f3n, docente de la Universidad Nacional de R\u00edo Negro: \u201dCaso Lucas Mu\u00f1oz desde una mirada victimol\u00f3gica \u201d<\/li>\n<\/ul>\n<p><strong>\u00a0<\/strong><\/p>\n<p><strong>Lugar a desarrollarse: <\/strong><\/p>\n<p><strong>\u00a0<\/strong><\/p>\n<p><strong>Manzana Hist\u00f3rica Aula N\u00b0 4, calle Col\u00f3n 450,\u00a0 Viedma.<\/strong><\/p>\n<p><strong>D\u00eda y horario: Jueves 10 de noviembre de 9 a 11 horas<\/strong><\/p>\n<p><strong>Jornada abierta y gratuita<\/strong><\/p>\n","protected":false},"excerpt":{"rendered":"&nbsp; Viedma.- (APP) &#8211; La Sede Atl\u00e1ntica de la Universidad Nacional de R\u00edo Negro organiza la Jornada debate \u201cSeguridad y Universidad en R\u00edo \n<a class=\"moretag\" href=\"https:\/\/appnoticias.com.ar\/app\/jornada-debate-en-memoria-de-lucas-munoz-en-la-unrn\/\"> [...]<\/a>","protected":false},"author":4,"featured_media":0,"comment_status":"closed","ping_status":"closed","sticky":false,"template":"","format":"standard","meta":{"footnotes":""},"categories":[8],"tags":[],"class_list":["post-166","post","type-post","status-publish","format-standard","hentry","category-cultura-y-educacion"],"_links":{"self":[{"href":"https:\/\/appnoticias.com.ar\/app\/wp-json\/wp\/v2\/posts\/166","targetHints":{"allow":["GET"]}}],"collection":[{"href":"https:\/\/appnoticias.com.ar\/app\/wp-json\/wp\/v2\/posts"}],"about":[{"href":"https:\/\/appnoticias.com.ar\/app\/wp-json\/wp\/v2\/types\/post"}],"author":[{"embeddable":true,"href":"https:\/\/appnoticias.com.ar\/app\/wp-json\/wp\/v2\/users\/4"}],"replies":[{"embeddable":true,"href":"https:\/\/appnoticias.com.ar\/app\/wp-json\/wp\/v2\/comments?post=166"}],"version-history":[{"count":2,"href":"https:\/\/appnoticias.com.ar\/app\/wp-json\/wp\/v2\/posts\/166\/revisions"}],"predecessor-version":[{"id":238,"href":"https:\/\/appnoticias.com.ar\/app\/wp-json\/wp\/v2\/posts\/166\/revisions\/238"}],"wp:attachment":[{"href":"https:\/\/appnoticias.com.ar\/app\/wp-json\/wp\/v2\/media?parent=166"}],"wp:term":[{"taxonomy":"category","embeddable":true,"href":"https:\/\/appnoticias.com.ar\/app\/wp-json\/wp\/v2\/categories?post=166"},{"taxonomy":"post_tag","embeddable":true,"href":"https:\/\/appnoticias.com.ar\/app\/wp-json\/wp\/v2\/tags?post=166"}],"curies":[{"name":"wp","href":"https:\/\/api.w.org\/{rel}","templated":true}]}}