{"id":176,"date":"2016-11-07T21:47:20","date_gmt":"2016-11-07T21:47:20","guid":{"rendered":"https:\/\/appnoticias.com.ar\/app\/?p=176"},"modified":"2016-11-08T12:16:59","modified_gmt":"2016-11-08T12:16:59","slug":"nuevos-tramites-judiciales-en-la-causa-sobre-contaminacion-en-allen","status":"publish","type":"post","link":"https:\/\/appnoticias.com.ar\/app\/nuevos-tramites-judiciales-en-la-causa-sobre-contaminacion-en-allen\/","title":{"rendered":"Nuevos tr\u00e1mites judiciales en la causa sobre contaminaci\u00f3n en Allen"},"content":{"rendered":"<p class=\"m_5029764261051556860m_-3778263108052755698gmail-western\" align=\"JUSTIFY\">Viedma.- (APP) \u00a0La Jueza Federal de General Roca, Carolina Pandolfi, dispuso tomar declaraci\u00f3n testimonial a oficiales de la prefectura Naval Argentina con jurisdicci\u00f3n en el Alto Valle, en el marco de la causa por contaminaci\u00f3n ambiental por vertidos de la planta de tratamientos de l\u00edquidos cloacales de Allen.<\/p>\n<p class=\"m_5029764261051556860m_-3778263108052755698gmail-western\" align=\"JUSTIFY\">Ambos integrantes del \u00e1rea Cient\u00edfica de la Fuerza de Seguridad deber\u00e1n informar acerca de los resultados de las an\u00e1lisis de las muestras tomadas en diversos sectores del r\u00edo Negro a la altura de la ciudad y en la planta potabilizadora local, pericias que fueron dispuestas en el marco de la querella iniciada por la Defensor\u00eda del Pueblo de la Provincia, por contaminaci\u00f3n ambiental.<\/p>\n<p class=\"m_5029764261051556860m_-3778263108052755698gmail-western\" align=\"JUSTIFY\">Las declaraciones testimoniales de los oficiales se concretar\u00e1n el pr\u00f3ximo mi\u00e9rcoles 16, oportunidad en que se les requerir\u00e1n mayores datos y aclaraciones sobres las pericias realizadas en el \u00e1rea afectada.<\/p>\n<p class=\"m_5029764261051556860m_-3778263108052755698gmail-western\" align=\"JUSTIFY\">La Defensora del Pueblo, Nadina D\u00edaz, record\u00f3 que el a\u00f1o pasado se efectu\u00f3 una denuncia penal y a la vez se present\u00f3 como querellante por contaminaci\u00f3n del r\u00edo a la altura de la Isla 19, atravesando el barrio Costa Blanco de Allen por contaminaci\u00f3n bacteriol\u00f3gica y presuntamente industrial con volcado de aguas residuales.<\/p>\n<p class=\"m_5029764261051556860m_-3778263108052755698gmail-western\" align=\"JUSTIFY\">Esta acci\u00f3n judicial se suma a la querella y amparo iniciados por la Defensor\u00eda por el derrame de hidrocarburos en el pozo EFO 280 de la firma YSUR, tambi\u00e9n en el \u00e1rea de Allen, sobre los que el Juzgado Federal de General, en el marco de la investigaci\u00f3n, dispuso recientemente nuevas medidas.<\/p>\n<p class=\"m_5029764261051556860m_-3778263108052755698gmail-western\" align=\"JUSTIFY\">Tambi\u00e9n Nadina D\u00edaz destac\u00f3 que en las acciones del organismo a su cargo, hay actuaciones judiciales vinculadas a la contaminaci\u00f3n del r\u00edo a la altura de la Isla Jord\u00e1n y sobre otras \u00e1reas y cursos de aguas del territorio provincial, donde por distintos motivos existen la afectaci\u00f3n o vulnerabilidad del medio ambiente por la acci\u00f3n humana.<\/p>\n<p class=\"m_5029764261051556860m_-3778263108052755698gmail-western\" align=\"JUSTIFY\">Destac\u00f3 que la Defensor\u00eda del Pueblo trabaja permanentemente en la problem\u00e1tica por entender que la preservaci\u00f3n del medio ambiente es fundamental para el desarrollo humano de la actual y futuras generaciones y de su cuidado depende gran parte del futuro de la humanidad.<\/p>\n","protected":false},"excerpt":{"rendered":"Viedma.- (APP) \u00a0La Jueza Federal de General Roca, Carolina Pandolfi, dispuso tomar declaraci\u00f3n testimonial a oficiales de la prefectura Naval Argentina con jurisdicci\u00f3n \n<a class=\"moretag\" href=\"https:\/\/appnoticias.com.ar\/app\/nuevos-tramites-judiciales-en-la-causa-sobre-contaminacion-en-allen\/\"> [...]<\/a>","protected":false},"author":4,"featured_media":0,"comment_status":"closed","ping_status":"closed","sticky":false,"template":"","format":"standard","meta":{"footnotes":""},"categories":[3],"tags":[],"class_list":["post-176","post","type-post","status-publish","format-standard","hentry","category-politica"],"_links":{"self":[{"href":"https:\/\/appnoticias.com.ar\/app\/wp-json\/wp\/v2\/posts\/176","targetHints":{"allow":["GET"]}}],"collection":[{"href":"https:\/\/appnoticias.com.ar\/app\/wp-json\/wp\/v2\/posts"}],"about":[{"href":"https:\/\/appnoticias.com.ar\/app\/wp-json\/wp\/v2\/types\/post"}],"author":[{"embeddable":true,"href":"https:\/\/appnoticias.com.ar\/app\/wp-json\/wp\/v2\/users\/4"}],"replies":[{"embeddable":true,"href":"https:\/\/appnoticias.com.ar\/app\/wp-json\/wp\/v2\/comments?post=176"}],"version-history":[{"count":2,"href":"https:\/\/appnoticias.com.ar\/app\/wp-json\/wp\/v2\/posts\/176\/revisions"}],"predecessor-version":[{"id":234,"href":"https:\/\/appnoticias.com.ar\/app\/wp-json\/wp\/v2\/posts\/176\/revisions\/234"}],"wp:attachment":[{"href":"https:\/\/appnoticias.com.ar\/app\/wp-json\/wp\/v2\/media?parent=176"}],"wp:term":[{"taxonomy":"category","embeddable":true,"href":"https:\/\/appnoticias.com.ar\/app\/wp-json\/wp\/v2\/categories?post=176"},{"taxonomy":"post_tag","embeddable":true,"href":"https:\/\/appnoticias.com.ar\/app\/wp-json\/wp\/v2\/tags?post=176"}],"curies":[{"name":"wp","href":"https:\/\/api.w.org\/{rel}","templated":true}]}}