{"id":17866,"date":"2018-08-16T14:44:12","date_gmt":"2018-08-16T14:44:12","guid":{"rendered":"https:\/\/appnoticias.com.ar\/app\/?p=17866"},"modified":"2018-08-23T11:06:30","modified_gmt":"2018-08-23T11:06:30","slug":"fuerte-san-javier-conserva-dos-edificios-historicos-provinciales-el-destacamento-y-la-torre-tanque-por-carlos-espinosa","status":"publish","type":"post","link":"https:\/\/appnoticias.com.ar\/app\/fuerte-san-javier-conserva-dos-edificios-historicos-provinciales-el-destacamento-y-la-torre-tanque-por-carlos-espinosa\/","title":{"rendered":"Fuerte San Javier conserva dos edificios hist\u00f3ricos provinciales: El destacamento y la torre tanque\/Por Carlos Espinosa"},"content":{"rendered":"<p>&nbsp;<\/p>\n<p>Viedma.- (APP)\u00a0 La localidad de Fuerte San Javier, a 35 kil\u00f3metros de Viedma por la ruta nacional tres, conserva dentro de su peque\u00f1o casco urbano dos edificios hist\u00f3ricos provinciales: el destacamento policial y la torre tanque.<\/p>\n<p>Se trata de dos obras planificadas y realizadas durante la gesti\u00f3n del ingeniero Adalberto Torcuato Pagano como gobernador del Territorio Nacional de R\u00edo Negro, hacia fines de la d\u00e9cada de los 30, hace casi 80 a\u00f1os.<\/p>\n<p>El destacamento policial de San Javier, todav\u00eda en uso por los efectivos de seguridad all\u00ed destinados, forma parte de la importante serie de edificios destinados a la polic\u00eda que Pagano hizo construir en aquellos tiempos, con la finalidad de reemplazar las miserables taperas en las que deb\u00edan habitar y cumplir sus guardias los uniformados.<\/p>\n<p>Un poco m\u00e1s all\u00e1, sobre la ruta 250, en la localidad de Cubanea, se encuentra otra de esas s\u00f3lidas dependencias policiales, a las que el imaginario colectivo bautiz\u00f3 como \u201clas comisar\u00edas de Pagano\u201d, aunque no revistaban en tal categor\u00eda dentro del organigrama de la instituci\u00f3n.<\/p>\n<p>Seg\u00fan cuentan los documentos oficiales y recortes period\u00edsticos de la \u00e9poca Pagano se preocup\u00f3 personalmente en \u00a0dotar a los polic\u00edas y familias de oficinas y viviendas confortables, en este \u00faltimo caso ubicadas en la planta alta de estas construcciones. Todos los edificios estaban dotados de detalles que sorprend\u00edan en aquellos tiempos, como sistema de calefacci\u00f3n central, alimentada con vapor de una caldera que se conectaba a la cocina econ\u00f3mica; pisos de parquet en los dormitorios; y, por supuesto, ba\u00f1os instalado con agua corriente en el interior mismo de la casa, y el correspondiente pozo s\u00e9ptico en el exterior.<\/p>\n<p>El mobiliario tambi\u00e9n era de primera calidad, todo en madera, y a\u00fan es posible encontrarse, en algunas de estas \u201ccomisar\u00edas de Pagano\u201d, con c\u00f3modos bancos y amplios escritorios que han soportado el paso de ocho d\u00e9cadas.<\/p>\n<p>Tambi\u00e9n en San Javier, a un costado de su calle principal que fue hasta los a\u00f1os 70 la antigua traza de la ruta tres, se conserva todav\u00eda la torre del tanque de agua. Es una construcci\u00f3n con forma de torre\u00f3n, en cuyo interior se ubica un reservorio para el agua que se extra\u00eda de un pozo mediante un molino de viento. Desde ese tanque el agua se distribu\u00eda en ca\u00f1er\u00edas a las pocas dependencias oficiales del pueblo, tales como el aludido destacamento policial, la escuela, la posta sanitaria y algunas viviendas particulares. El sistema qued\u00f3 obsoleto y fuera de servicio hace m\u00e1s de cincuenta a\u00f1os, pero la torre est\u00e1 en pie, aunque descascarada.<\/p>\n<p>El estado de mantenimiento del destacamento policial de San Javier deja bastante que desear. La vivienda para el personal est\u00e1 sin uso hace mucho tiempo y una serie de problemas de infraestructura est\u00e1n reclamando la intervenci\u00f3n de personal especializado.<\/p>\n<p>La cuesti\u00f3n de las deficiencias de estos dos edificios hist\u00f3ricos, que son testimonio del impulso del gobernador Pagano durante los once a\u00f1os durante los cuales ocup\u00f3 el cargo de gobernador territoriano, debe preocupar a las autoridades provinciales .<\/p>\n<p>Aunque nadie lo recuerde ni lo tenga en cuenta hay una ley, sancionada por unanimidad en la Legislatura de R\u00edo Negro en el a\u00f1o 2005, que le otorg\u00f3 la declaraci\u00f3n de \u201cde inter\u00e9s hist\u00f3rico y cultural\u201d de la provincia de R\u00edo Negro a la totalidad de los edificios p\u00fablicos (comisar\u00edas, hospitales, etc.) que fueron construidos durante la gesti\u00f3n del gobernador Pagano.<\/p>\n<p>El texto legal encomend\u00f3 a la Agencia R\u00edo Negro Cultura (actual Secretar\u00eda de Cultura de R\u00edo Negro)\u00a0 las siguientes acciones:\u00a0 relevamiento de las obras;\u00a0 confecci\u00f3n de un cat\u00e1logo fotogr\u00e1fico descriptivo de las mismas;\u00a0 colocaci\u00f3n de carteler\u00eda informativa en el frente de cada una de dichas construcciones, con la leyenda \u00abEdificio construido durante la gesti\u00f3n del Gobernador del Territorio de R\u00edo Negro, Ingeniero Adalberto Torcuato Pagano (1932-1943)\u201d; inclusi\u00f3n de las referencias correspondientes en hoja de ruta y mapas tur\u00edsticos de la provincia; y la celebraci\u00f3n de convenios de colaboraci\u00f3n rec\u00edproca con los municipios y\/o \u00e1reas del Poder Ejecutivo Provincial para la restauraci\u00f3n y\/o conservaci\u00f3n de las mismas respet\u00e1ndose su estructura hist\u00f3rica.<\/p>\n<p>La ley, que lleva el n\u00famero 3.945, fue promulgada por el Ejecutivo, el 29 de abril de 2005, por iniciativa del ex diputado Jorge Pascual, y en respuesta a la inquietud de la profesora Olga Hebe Pagano, hija del ex gobernador, que en esos a\u00f1os realiz\u00f3 una intensa tarea de rescate de la obra de su padre.<\/p>\n<p>Ser\u00eda bueno poner en marcha un plan de trabajos para la restauraci\u00f3n de estos edificios \u2013los de San Javier, Cubanea y una veintena de otras localidades-, para asegurar la conservaci\u00f3n de una parte importante del patrimonio cultural tangible de la provincia de R\u00edo Negro. (APP)<\/p>\n","protected":false},"excerpt":{"rendered":"&nbsp; Viedma.- (APP)\u00a0 La localidad de Fuerte San Javier, a 35 kil\u00f3metros de Viedma por la ruta nacional tres, conserva dentro de su \n<a class=\"moretag\" href=\"https:\/\/appnoticias.com.ar\/app\/fuerte-san-javier-conserva-dos-edificios-historicos-provinciales-el-destacamento-y-la-torre-tanque-por-carlos-espinosa\/\"> [...]<\/a>","protected":false},"author":4,"featured_media":0,"comment_status":"closed","ping_status":"closed","sticky":false,"template":"","format":"standard","meta":{"footnotes":""},"categories":[5],"tags":[],"class_list":["post-17866","post","type-post","status-publish","format-standard","hentry","category-opinion"],"_links":{"self":[{"href":"https:\/\/appnoticias.com.ar\/app\/wp-json\/wp\/v2\/posts\/17866","targetHints":{"allow":["GET"]}}],"collection":[{"href":"https:\/\/appnoticias.com.ar\/app\/wp-json\/wp\/v2\/posts"}],"about":[{"href":"https:\/\/appnoticias.com.ar\/app\/wp-json\/wp\/v2\/types\/post"}],"author":[{"embeddable":true,"href":"https:\/\/appnoticias.com.ar\/app\/wp-json\/wp\/v2\/users\/4"}],"replies":[{"embeddable":true,"href":"https:\/\/appnoticias.com.ar\/app\/wp-json\/wp\/v2\/comments?post=17866"}],"version-history":[{"count":3,"href":"https:\/\/appnoticias.com.ar\/app\/wp-json\/wp\/v2\/posts\/17866\/revisions"}],"predecessor-version":[{"id":17889,"href":"https:\/\/appnoticias.com.ar\/app\/wp-json\/wp\/v2\/posts\/17866\/revisions\/17889"}],"wp:attachment":[{"href":"https:\/\/appnoticias.com.ar\/app\/wp-json\/wp\/v2\/media?parent=17866"}],"wp:term":[{"taxonomy":"category","embeddable":true,"href":"https:\/\/appnoticias.com.ar\/app\/wp-json\/wp\/v2\/categories?post=17866"},{"taxonomy":"post_tag","embeddable":true,"href":"https:\/\/appnoticias.com.ar\/app\/wp-json\/wp\/v2\/tags?post=17866"}],"curies":[{"name":"wp","href":"https:\/\/api.w.org\/{rel}","templated":true}]}}