{"id":179,"date":"2016-11-07T21:50:12","date_gmt":"2016-11-07T21:50:12","guid":{"rendered":"https:\/\/appnoticias.com.ar\/app\/?p=179"},"modified":"2016-11-08T12:16:00","modified_gmt":"2016-11-08T12:16:00","slug":"odarda-sera-premiada-por-la-fundacion-agenda-de-las-mujeres","status":"publish","type":"post","link":"https:\/\/appnoticias.com.ar\/app\/odarda-sera-premiada-por-la-fundacion-agenda-de-las-mujeres\/","title":{"rendered":"Odarda ser\u00e1 premiada por la Fundacion Agenda de las Mujeres"},"content":{"rendered":"<div id=\"m_-8544117893882324272yiv2674434874yui_3_16_0_ym19_1_1478532595292_3900\"><span id=\"m_-8544117893882324272yiv2674434874yui_3_16_0_ym19_1_1478532595292_3901\" lang=\"ES\">Viedma.- (APP) \u00a0En el marco de la presentaci\u00f3n por parte de la FUNDACION AGENDA DE LAS MUJERES\u00a0<\/span><span id=\"m_-8544117893882324272yiv2674434874yui_3_16_0_ym19_1_1478532595292_3902\">de la Edici\u00f3n 2017 del Calendario Agenda de las Mujeres, la senadora Magdalena Odarda participar\u00e1 de la premiaci\u00f3n y reconocimiento, del cual ser\u00e1 protagonista, que se le har\u00e1 en el evento, a mujeres y grupos que se destacan por su trayectoria en la lucha por los derechos humanos en general y de las mujeres en particular en distintos espacios: acad\u00e9micos, sociales, pol\u00edticos, comunitarios.<\/span><span id=\"m_-8544117893882324272yiv2674434874yui_3_16_0_ym19_1_1478532595292_3904\">\u00a0<\/span><\/div>\n<div id=\"m_-8544117893882324272yiv2674434874yui_3_16_0_ym19_1_1478532595292_3906\" dir=\"ltr\"><\/div>\n<div id=\"m_-8544117893882324272yiv2674434874yui_3_16_0_ym19_1_1478532595292_3907\" dir=\"ltr\"><span id=\"m_-8544117893882324272yiv2674434874yui_3_16_0_ym19_1_1478532595292_3908\">La Agenda de las Mujeres surge en 1994 y r\u00e1pidamente se constituye en un referente significativo para las mujeres argentinas, e incluso, para todas las latinoamericanas. Desde sus inicios la agenda de las mujeres ha ido sumando un importante n\u00famero de lectoras, usuarias y colaboradoras.<\/span><\/div>\n<div id=\"m_-8544117893882324272yiv2674434874yui_3_16_0_ym19_1_1478532595292_3909\" dir=\"ltr\"><span id=\"m_-8544117893882324272yiv2674434874yui_3_16_0_ym19_1_1478532595292_3910\">\u00a0<\/span><\/div>\n<div id=\"m_-8544117893882324272yiv2674434874yui_3_16_0_ym19_1_1478532595292_3912\" dir=\"ltr\"><span id=\"m_-8544117893882324272yiv2674434874yui_3_16_0_ym19_1_1478532595292_3913\">Con el principal objetivo de estimular y promover el desarrollo integral de las capacidades de las mujeres a trav\u00e9s de potenciar los espacios comunicacionales desde una perspectiva feminista y de g\u00e9nero que multipliquen las redes de interacci\u00f3n visibilizando la producci\u00f3n y el accionar de las mujeres en defensa de sus derechos, la fundaci\u00f3n potencia la necesidad de seguir re-construyendo espacios de discusi\u00f3n y difusi\u00f3n de derechos.<\/span><\/div>\n<div id=\"m_-8544117893882324272yiv2674434874yui_3_16_0_ym19_1_1478532595292_3912\" dir=\"ltr\"><\/div>\n<div id=\"m_-8544117893882324272yiv2674434874yui_3_16_0_ym19_1_1478532595292_3912\" dir=\"ltr\"><\/div>\n","protected":false},"excerpt":{"rendered":"Viedma.- (APP) \u00a0En el marco de la presentaci\u00f3n por parte de la FUNDACION AGENDA DE LAS MUJERES\u00a0de la Edici\u00f3n 2017 del Calendario Agenda \n<a class=\"moretag\" href=\"https:\/\/appnoticias.com.ar\/app\/odarda-sera-premiada-por-la-fundacion-agenda-de-las-mujeres\/\"> [...]<\/a>","protected":false},"author":4,"featured_media":0,"comment_status":"closed","ping_status":"closed","sticky":false,"template":"","format":"standard","meta":{"footnotes":""},"categories":[3],"tags":[],"class_list":["post-179","post","type-post","status-publish","format-standard","hentry","category-politica"],"_links":{"self":[{"href":"https:\/\/appnoticias.com.ar\/app\/wp-json\/wp\/v2\/posts\/179","targetHints":{"allow":["GET"]}}],"collection":[{"href":"https:\/\/appnoticias.com.ar\/app\/wp-json\/wp\/v2\/posts"}],"about":[{"href":"https:\/\/appnoticias.com.ar\/app\/wp-json\/wp\/v2\/types\/post"}],"author":[{"embeddable":true,"href":"https:\/\/appnoticias.com.ar\/app\/wp-json\/wp\/v2\/users\/4"}],"replies":[{"embeddable":true,"href":"https:\/\/appnoticias.com.ar\/app\/wp-json\/wp\/v2\/comments?post=179"}],"version-history":[{"count":3,"href":"https:\/\/appnoticias.com.ar\/app\/wp-json\/wp\/v2\/posts\/179\/revisions"}],"predecessor-version":[{"id":233,"href":"https:\/\/appnoticias.com.ar\/app\/wp-json\/wp\/v2\/posts\/179\/revisions\/233"}],"wp:attachment":[{"href":"https:\/\/appnoticias.com.ar\/app\/wp-json\/wp\/v2\/media?parent=179"}],"wp:term":[{"taxonomy":"category","embeddable":true,"href":"https:\/\/appnoticias.com.ar\/app\/wp-json\/wp\/v2\/categories?post=179"},{"taxonomy":"post_tag","embeddable":true,"href":"https:\/\/appnoticias.com.ar\/app\/wp-json\/wp\/v2\/tags?post=179"}],"curies":[{"name":"wp","href":"https:\/\/api.w.org\/{rel}","templated":true}]}}