{"id":18785,"date":"2021-03-28T11:23:28","date_gmt":"2021-03-28T11:23:28","guid":{"rendered":"https:\/\/appnoticias.com.ar\/app\/?p=18785"},"modified":"2021-03-28T13:29:29","modified_gmt":"2021-03-28T13:29:29","slug":"18785-2","status":"publish","type":"post","link":"https:\/\/appnoticias.com.ar\/app\/18785-2\/","title":{"rendered":"Edgardo Cardone:\u00a0 \u201cJos\u00e9 Mar\u00eda Guido asumi\u00f3 la presidencia para salvar al pa\u00eds de males mayores\u201d\/Por Claudio Garc\u00eda"},"content":{"rendered":"<p>Viedma.- (APP) Hace poco m\u00e1s de un a\u00f1o falleci\u00f3\u00a0 Edgardo Cardone, dirigente pol\u00edtico, \u00a0periodista, profesor y doctor en Historia, quien hab\u00eda nacido en Viedma y transit\u00f3 parte de su vida en esta ciudad, donde fue incluso concejal. Posteriormente se radic\u00f3 en Ciudad de Buenos Aires, sin dejar de hacer visitas regulares a R\u00edo Negro donde ten\u00eda muchos amigos y era reconocido por su labor acad\u00e9mica. De hecho gran parte de su obra como investigador est\u00e1 anclada a la historia institucional y pol\u00edtica de la provincia,\u00a0 especialmente al transitar de la UCR, la UCRI y el desarrollismo. Nunca ocult\u00f3 su adscripci\u00f3n a la figura del expresidente Arturo Frondizi. Fue un asiduo colaborador de esta agencia. Hace unos a\u00f1os lo entrevist\u00e9\u00a0 sobre uno de sus libros, \u00abJos\u00e9 Mar\u00eda Guido: un patriota en la borrasca\u00bb, con pr\u00f3logo de F\u00e9lix Luna. Este 29 de marzo se cumple precisamente un nuevo aniversario del derrocamiento de Frondizi, con la posterior asunci\u00f3n de Guido como presidente. Es oportuno entonces reproducir la entrevista que mantuve sobre aquella figura\u00a0 controvertida y poco abordada por los historiadores, que a la vez nos permite tener una mirada m\u00e1s en detalle de los acontecimientos vividos en el pa\u00eds despu\u00e9s de la &#8216;Revoluci\u00f3n Fusiladora&#8217; que derroc\u00f3 al gobierno constitucional de Juan Domingo Per\u00f3n en 1955 y de la generaci\u00f3n que en R\u00edo Negro y en el pa\u00eds tuvo un gran protagonismo alrededor de la figura de Arturo Frondizi.<\/p>\n<p><strong>-\u00bfDe d\u00f3nde surge tu inter\u00e9s por Guido? \u00bfPor venir de una matriz ideol\u00f3gica similar, la adhesi\u00f3n al desarrollismo de Frondizi? \u00bfO porque hay un gran vac\u00edo en cuanto a bibliograf\u00eda hist\u00f3rica sobre la figura del primer presidente que tuvo nuestro pa\u00eds de origen patag\u00f3nico?<\/strong><strong>\u00a0<\/strong><\/p>\n<p>-Yo vengo de la vieja UCRI, sin dudas. Pero yo estaba dando clases en el Colegio Nacional de Viedma en quinto a\u00f1o, en la materia de Instrucci\u00f3n C\u00edvica, y los chicos ten\u00edan que hacer un trabajo pr\u00e1ctico que consist\u00eda en hacer una lista de presidentes de la rep\u00fablica. La gran mayor\u00eda no lo pone a Jos\u00e9 Mar\u00eda Guido. Y yo deb\u00eda reconocer que mis conocimientos sobre Guido tambi\u00e9n eran bastante precarios. Entonces, corro las cortinas y digo \u201cmiren, ac\u00e1 vivi\u00f3 el doctor Jos\u00e9 Mar\u00eda Guido\u201d\u2026 Y dije \u201cvamos a hacer una cosa, para\u00a0 la pr\u00f3xima clase vamos a hacer una investigaci\u00f3n sobre la figura de Guido\u201d.Entonces tambi\u00e9n me puse a investigar y encuentro la revista\u00a0 \u201cTodo es historia\u201d Nro 29 que el doctor F\u00e9lix Luna publica a cinco a\u00f1os de la muerte de Guido, y consulto con uno de mis viejos excorreligionarios, el doctor Remigio Viglione, que estuvo codo a codo con \u00e9l y que se transform\u00f3 en un testigo \u201cprivilegiado\u201d, como decimos los historiadores. Hice entonces un trabajo para publicar en un diario, pero al final ped\u00ed que no lo publicaran, porque decid\u00ed hacer una investigaci\u00f3n m\u00e1s completa sobre Guido. Me met\u00ed en el personaje, me di cuenta que hab\u00eda muchas cosas para investigar. Esa fue la motivaci\u00f3n.<\/p>\n<p><strong>-Resulta curioso que se ha escrito ya mucho sobre la historia institucional de los \u201960, sobre Frondizi, sobre Illia, pero a Guido como que se lo pasa de largo, est\u00e1 estereotipado como un t\u00edtere de los militares, alguien a quien decidieron ponerlo como presidente mientras arreglaban sus asuntos internos, el conflicto entre Azules y Colorados\u2026<\/strong><\/p>\n<p>-Hay algo de eso que vos est\u00e1s diciendo. Guido ten\u00eda muy poco poder, casi m\u00ednimo. La originalidad de mi trabajo est\u00e1 en lo siguiente: que el doctor Guido preserva precariamente la institucionalidad de la Argentina y evita un golpe militar. Y est\u00e1 probado por muchos documentos, fundamentalmente por el trabajo de Potash donde se prueba que con la ca\u00edda de Frondizi, el plan Martigena, de los grupos colorados m\u00e1s reaccionarios, estaban decididos a tomar el poder\u2026<\/p>\n<p><strong>-Por eso el general Poggi dice \u201cme traicionaron\u201d cuando Guido llega a la Casa de Gobierno para hacerse cargo formalmente de la presidencia\u2026<\/strong><\/p>\n<p><strong>\u00a0&#8211;<\/strong>S\u00ed, efectivamente. El doctor Guido asume en la calle Talcahuano en la Suprema Corte de Justicia y \u00e9l pensaba que a lo mejor se iba a dar esto de \u201cvos entr\u00e1s y te vas\u201d, que el mandato pod\u00eda durar horas. \u00c9l va a la Casa de Gobierno y efectivamente se encuentra con Poggi sentado en su despacho. Entonces le piden explicaciones. \u201cYo no tengo que dar ninguna explicaci\u00f3n; ustedes me han dicho que si se aplicaba la ley de acefal\u00eda\u00a0 lo iban a respetar\u201d, argument\u00f3 Guido. Lo que pasa es que estaban esperando que Guido dijera que no. Rodolfo Mart\u00ednez, que era el ministro del Interior, me dijo que \u201cera demasiado bajar a dos presidentes el mismo d\u00eda; hab\u00edan bajado a Frondizi, no lo pod\u00edan bajar tambi\u00e9n a Guido\u201d.<\/p>\n<p><strong>-\u00bfFue el sector Azul que convenci\u00f3 a Guido de hacerse cargo de la presidencia?<\/strong><\/p>\n<p><strong>\u00a0&#8211;<\/strong>Guido simpatizaba con los azules. Cuando \u00e9l termina de jurar en la Suprema Corte -no ten\u00edan ni Biblia, era una cosa muy precaria-, se abraza y se pone a llorar con Julio Oyhanarte (miembro de la Corte Suprema de Justicia), un viejo amigo de la Facultad, y le dice \u201cqu\u00e9 dir\u00e1 Frondizi de esto\u201d\u00a0 y \u00e9l le responde: \u201cFrondizi est\u00e1 en conocimiento\u201d, porque Oyhanarte hab\u00eda recibido de parte de Frondizi el pedido de \u201ctraten de aplicar la ley de acefal\u00eda\u201d.<\/p>\n<p><strong>-\u00bfPero ten\u00eda verdaderamente validez la ley de acefal\u00eda, m\u00e1s all\u00e1 que la habilit\u00f3 Oyhanarte? Porque Frondizi no muri\u00f3, no se enferm\u00f3, no renunci\u00f3\u2026<\/strong><\/p>\n<p><strong>\u00a0&#8211;<\/strong>Ten\u00eda y no ten\u00eda. Pero le encontraron la vuelta. Esta es la teor\u00eda de Oyhanarte, porque yo he charlado con \u00e9l. \u201cTratamos de salvar algo\u201d, dijo. Y si uno se pone a pensar hoy qu\u00e9 salvaron, verdaderamente salvaron a la Argentina de situaciones mucho m\u00e1s complicadas. Oyhanarte adem\u00e1s de decirle a Guido que la ley de acefal\u00eda era pedido de Frondizi, le dice que \u201chay un general que te va a defender\u201d. Y ese general era Ongan\u00eda, que no lo conoc\u00eda nadie, pero era el l\u00edder del sector azul\u2026<\/p>\n<p><strong>-Tengo entendido que Guido va a tener amistad con Ongan\u00eda\u2026<\/strong><\/p>\n<p><strong>\u00a0&#8211;<\/strong>Amistad, y adem\u00e1s lo hace Comandante en Jefe. Pero para cerrar el tema de la asunci\u00f3n,\u00a0 la Suprema Corte dice que el gobierno de Guido es de jure, es legal, y por eso los militares no tienen m\u00e1s remedio, hacen una acta secreta, lo condicionan, pero Guido queda como presidente de la rep\u00fablica. El punto central de mi trabajo es que Guido va a salvar la posibilidad de la instalaci\u00f3n de una\u00a0 dictadura militar de proporciones, donde hab\u00eda un plan para asesinar comunistas, socialistas, peronistas, frondizistas, frigeristas\u2026 En ese momento se pensaba que hab\u00eda que matar gente para arreglar el problema de la Argentina\u2026<\/p>\n<p><strong>-Profundizar la Libertadora\u2026<\/strong><\/p>\n<p><strong>\u00a0&#8211;<\/strong>Ellos desplazan a Per\u00f3n, y la alianza de Frondizi con Per\u00f3n obviamente no creo que les haya ca\u00eddo nada bien. Terminan derroc\u00e1ndolo y planteando asumir directamente el poder pol\u00edtico\u2026 Todo esto termina haciendo eclosi\u00f3n en el gobierno de Guido\u2026 Hay como dos etapas en el gobierno de Guido, una parte legal, un 20% del mandato, y luego dictatorial, cuando disuelve las c\u00e1maras, interviene las provincias, etc\u2026 En t\u00e9rminos matem\u00e1ticos es as\u00ed. Guido no fue un tipo con mentalidad de dictador. Fue una persona que hizo lo que pudo\u2026<\/p>\n<p><strong>-El sector azul entonces jug\u00f3 a favor de este proceso\u2026<\/strong><\/p>\n<p><strong>\u00a0&#8211;<\/strong>Estamos hablando del \u201963, porque en el \u201966 lo voltean a Illia, y all\u00ed es censurable. Pero en ese momento, en el \u201963, defienden la precaria estabilidad que estaba encarando Guido \u2013el Comunicado 150 era eso, no otra cosa-\u2026 Hay una l\u00ednea muy finita en el tema militar que es la siguiente: Guido ve\u00eda con simpat\u00eda el movimiento azul, porque era la contraparte del peor gorilismo, la irracionalidad de pensar que todos los problemas de la Argentina pasaban por el peronismo\u2026 Ellos plantean volver al estatuto militar, a la carrera militar, volver a la cadena de mandos, y la subordinaci\u00f3n del ej\u00e9rcito a la constituci\u00f3n nacional. Esto lo dicen, aunque despu\u00e9s van a hacer otra cosa, porque en el fondo los dos, azules y colorados, no se bancaban al peronismo. Esto fue lo que impidi\u00f3 que Guido sacara una elecci\u00f3n abierta, porque hab\u00eda que levantar la proscripci\u00f3n al peronismo\u2026<\/p>\n<p><strong>-El sector azul pretend\u00eda en \u00faltima instancia que el peronismo evolucionara a otra cosa y sin Per\u00f3n\u2026<\/strong><\/p>\n<p><strong>\u00a0&#8211;<\/strong>Exacto, hacer un peronismo sin Per\u00f3n. Una equivocaci\u00f3n, pero que en esos tiempos se ve\u00eda posible. \u00bfQui\u00e9n sab\u00eda qu\u00e9 quer\u00eda hacer Per\u00f3n?&#8230;<\/p>\n<p><strong>-Despu\u00e9s de todo, durante el gobierno de Ongan\u00eda, un sector del peronismo, un sector sindical, el de Vandor, va a querer hacer un peronismo sin Per\u00f3n\u2026<\/strong><\/p>\n<p><strong>\u00a0&#8211; Ya<\/strong>\u00a0en esa \u00e9poca, el peronismo pod\u00eda ser gobierno y oposici\u00f3n a la vez, el partido hegem\u00f3nico del que estamos hablando. El vandorismo, al momento de la muerte de Vandor, ten\u00eda posibilidades muy ciertas de avanzar y de institucionalizarse a trav\u00e9s de un partido c\u00edvico militar\u2026 Estaba el proyecto a la vista\u2026<\/p>\n<p><strong>-Vos dec\u00eda que Frondizi le dio el aval a Guido para que asumiera. \u00bfC\u00f3mo qued\u00f3 la relaci\u00f3n despu\u00e9s, cuando Guido termina el mandato? Porque muchos frondizistas consideran a Guido un traidor.<\/strong><\/p>\n<p><strong>\u00a0&#8211;<\/strong>Mi interpretaci\u00f3n es que Guido fue el mal menor, y algunos dicen que ten\u00eda que haberse ido a su casa y no asumir.<\/p>\n<p><strong>-Como escribi\u00f3 Pablo Ferm\u00edn Orejas, que en realidad no cambiaba nada, entonces para qu\u00e9 hacerse cargo de la presidencia\u2026<\/strong><\/p>\n<p><strong>\u00a0&#8211;<\/strong>S\u00ed, esa era su idea, yo lo he charlado con Pablo. Pero para m\u00ed era el mal menor. En los setenta despu\u00e9s vimos realmente lo que eran capaces de hacer, as\u00ed que no era una ficci\u00f3n pensar que los colorados quer\u00edan \u201clevantar y matar\u201d. En ese momento era muy posible. Y volviendo a tu pregunta, la relaci\u00f3n de Guido con Frondizi fue perfecta. Yo le pregunto a Frondizi \u201c\u00bfusted aval\u00f3?\u201d. Y \u00e9l me dice \u201cyo no aval\u00e9\u201d. Claro, el no lo va a decir. Tambi\u00e9n en vida\u00a0 neg\u00f3 el pacto con Per\u00f3n, y el pacto en la pr\u00e1ctica estaba\u2026<\/p>\n<p><strong>-Frigerio lo ayud\u00f3 econ\u00f3micamente a Per\u00f3n en su exilio\u2026<\/strong><\/p>\n<p><strong>\u00a0&#8211;<\/strong>Claro, Per\u00f3n estaba en las malas y efectivamente Frigerio lo ayud\u00f3. Pero lo cierto es que la relaci\u00f3n\u00a0 de Guido con Frondizi viene de larga data. Se conocen en Buenos Aires en las \u00e9pocas de juventud. Cuando ellos largan el Movimiento de Intransigencia y Renovaci\u00f3n, el primer movimiento, de oposici\u00f3n al Unionismo que eran los que van en contra de Per\u00f3n en el \u201945. Dicen \u201cnos denominamos Yrigoyenistas, queremos recostarnos nuevamente en el pueblo\u201d\u2026<\/p>\n<p><strong>-Lo que est\u00e1 en la Carta de Avellaneda\u2026<\/strong><\/p>\n<p><strong>\u00a0&#8211;<\/strong>Exacto. Esa es la recta ideol\u00f3gica que marca la uni\u00f3n entre Guido, Frondizi, Castello, Del Mazo, Lebhenson\u2026 Todo un grupo de dirigentes de C\u00f3rdoba, Capital y Provincia de Buenos Aires, donde el gran caudillo era Mois\u00e9s Lebhenson, un gran visionario\u2026 Guido ven\u00eda de esta historia y se proponen ser la alternativa al peronismo. Y se dan las condiciones pol\u00edticas para hacer un partido en la provincia, porque sino no lo hubieran podido armar\u2026 En la Argentina hab\u00eda una dicotom\u00eda, el peronismo hab\u00eda llenado la plaza, y en el \u201955 con el golpe tambi\u00e9n se llen\u00f3 la plaza, y por lo tanto hab\u00eda un espacio. Los partidos pol\u00edticos no salen porque s\u00ed nom\u00e1s, hab\u00eda condiciones objetivas. Fueron buscando adhesiones en los distintos pueblos, y eran tenaces y muy trabajadores. En lo ideol\u00f3gico entonces hab\u00eda un acuerdo de Guido y Frondizi. Se proponen ser conducci\u00f3n del partido y lo logran en el \u201956. Se proponen llevar a Frondizi como candidato a presidente, y lo logran en la Convenci\u00f3n de Tucum\u00e1n, con un gran trabajo de Guido y otra gente llevando delegados del sur, de La Pampa, de Neuqu\u00e9n, Chubut, Santa Cruz. Por eso cuando Guido va al Senado es elegido vicepresidente, no por casualidad sino por todo ese trabajo. Fue un revulsivo no muy estudiado, que provincias que no ten\u00edan nada,\u00a0 pol\u00edticamente hablando, que ten\u00edan interventores, de pronto se organizan en Estados y definen cargos electivos.<\/p>\n<p><strong>-Pero cuando asume Guido despu\u00e9s de la ca\u00edda de Frondizi, el primer decreto de encarcelamiento del expresidente lo firma \u00e9l\u2026<\/strong><\/p>\n<p><strong>\u00a0&#8211;<\/strong>Frondizi ya estaba preso en Mart\u00edn Garc\u00eda y el operador para que saliera ese decreto fue F\u00e9lix Luna, porque Luna lo iba a ver a Frondizi a Mart\u00edn Garc\u00eda. Seg\u00fan Luna, Frondizi le dice que \u201cme tienen que poner a disposici\u00f3n del Poder Ejecutivo porque cualquier ciudadano va a presentar un recurso de amparo y me van a tener que dejar en libertad\u201d, lo que complicaba la situaci\u00f3n pol\u00edtica del momento a favor de los Colorados. En principio no quer\u00edan sacar ese decreto, porque lo ve\u00edan como una traici\u00f3n, a lo que Don Arturo respondi\u00f3 \u201cestos son unos sentimentales\u201d y orden\u00f3 nuevamente que \u201cme pongan a disposici\u00f3n del Poder Ejecutivo\u201d. Por eso al final le buscan la vuelta, sacan el decreto, y cuando Frondizi sale de la prisi\u00f3n de Mart\u00edn Garc\u00eda lo llevan al Tunquel\u00e9n en Bariloche, donde iba a estar la custodia de la polic\u00eda de R\u00edo Negro.<\/p>\n<p><strong>-Donde seg\u00fan me dijeron se dedic\u00f3 a leer. Un ex UCRI de R\u00edo Negro me coment\u00f3 que al llegar Frondizi le bajan dos valijas que lo \u00fanico que ten\u00edan eran libros.<\/strong><\/p>\n<p><strong>\u00a0&#8211;<\/strong>S\u00ed. Le\u00eda hasta libros de f\u00edsica y qu\u00edmica y tambi\u00e9n se dedic\u00f3 a escribir. Y cuando sale de la prisi\u00f3n, Guido lo invita a Olivos. Frondizi dice que no, porque le iba a producir problemas, y sugiere otro lugar, en alguna chacra. Al final eligieron pleno centro de la Ciudad de Buenos Aires; esto me lo cont\u00f3 Frondizi. Guido lleg\u00f3 primero y luego entra Frondizi. Guido se pone se pie y lo abraza, y le pregunta \u201c\u00bfhice bien en lo que hice?\u201d, y Frondizi le contesta \u201clo\u00a0 hizo perfectamente bien\u201d. Y la segunda pregunta fue \u201custed est\u00e1 ofendido conmigo por alguna cosa\u201d, y Don Arturo le contesta \u201cno, usted hizo lo que pudo; usted hizo bien en asumir\u201d.\u00a0 Y Frondizi me acot\u00f3 sobre esa reuni\u00f3n: \u201cyo no le ped\u00ed nada a Guido y Guido no me pidi\u00f3 nada a m\u00ed\u201d. Esta reuni\u00f3n fue muy significativa porque aventa totalmente la idea de traici\u00f3n que tienen muchos de Guido sobre Frondizi.<\/p>\n<p><strong>-Volviendo a la figura de Guido. A m\u00ed me parece como lo m\u00e1s destacado de Guido para la regi\u00f3n la pr\u00e9dica que tuvo respecto al aprovechamiento de las cuenca de los r\u00edos Limay, Neuqu\u00e9n y Negro, el desarrollo hidroel\u00e9ctrico, y que es lo que lo reivindica, a mi juicio, en relaci\u00f3n a su pol\u00e9mica actuaci\u00f3n como presidente, su relaci\u00f3n con Ongan\u00eda, etc..<\/strong><\/p>\n<p><strong>\u00a0&#8211;<\/strong>Guido es designado como senador nacional a pedido de Frondizi para dedicarse a ese tema precisamente. Fue el creador de la Comisi\u00f3n para el estudio de las posibilidades de desarrollo de la zona de los r\u00edos Limay, Neuqu\u00e9n y Negro. Esa comisi\u00f3n produce el estudio integral de los r\u00edos y fue aprobado el 12 de mayo de 1960. Frondizi ten\u00eda como ideas para la Patagonia la explotaci\u00f3n del petr\u00f3leo y los recursos naturales, la radicaci\u00f3n de compatriotas, y el proyecto de ac\u00e1 de la regi\u00f3n estaba pensado en funci\u00f3n del aprovechamiento hidroel\u00e9ctrico. Cada cual ten\u00eda una misi\u00f3n y la de Guido era esa. La gran pol\u00e9mica fue\u00a0 ad\u00f3nde va la energ\u00eda. Ellos pensaban que el 70% ten\u00eda que quedar en la Patagonia y el 30% a Buenos Aires. Mientras estuvo ese proyecto, la obra no se hizo. Guido termina haciendo un estudio de consultor\u00eda, que era necesario porque despu\u00e9s de la segunda guerra aparecen los grandes entes internacionales que s\u00f3lo prestan plata en funci\u00f3n de proyectos, de planes. Estudia esto, va a Francia, va a Estados Unidos, los lugares donde estaban haciendo los mejores estudios sobre represas. Era la \u00e9poca en el mundo de las grandes represas. Se dedic\u00f3 entonces una parte a lo t\u00e9cnico y otra a la pol\u00edtica, aunque Guido aclaraba en el senado \u201clos t\u00e9cnicos tienen que estar subordinados a la pol\u00edtica\u201d. Pero hasta que los intereses centralistas de la capital, el manejo unitario de la argentina, no se impusieron, la obra no se hizo.<\/p>\n<p><strong>-Guido fue presidente de Hidronor en la \u00e9poca de Lanusse\u2026<\/strong><\/p>\n<p><strong>\u00a0&#8211;<\/strong>S\u00ed, y despu\u00e9s sigui\u00f3 ac\u00e1 con Franco hasta que dej\u00f3 porque tuvo una gran pol\u00e9mica con Gelbard. Porque Gelbard ten\u00eda la idea de las grandes usinas de energ\u00eda rusas, otro tipo de energ\u00eda, no la hidr\u00e1ulica.<\/p>\n<p><strong>-M\u00e1s all\u00e1 que Guido despierta controversias en su paso por la presidencia y en otros aspectos de su vida pol\u00edtica, vos pens\u00e1s que R\u00edo Negro le reconoce un reconocimiento p\u00fablico por su rol a favor de las represas\u2026<\/strong><\/p>\n<p><strong>\u00a0&#8211;<\/strong>Estoy convencido, pero no s\u00f3lo por eso, sino por lo que hizo en cada uno de los cargos. Su rol en la Convenci\u00f3n (del \u201958) fue salvar a Viedma del tema de la capital provincial. Hoy es una an\u00e9cdota, pero eso fue as\u00ed. Y cuando asume la presidencia lo hace para evitar males mayores. Tuvo adem\u00e1s una conducta ejemplar. Guido entra y sale de la Casa de Gobierno con el mismo patrimonio. (APP)<\/p>\n","protected":false},"excerpt":{"rendered":"Viedma.- (APP) Hace poco m\u00e1s de un a\u00f1o falleci\u00f3\u00a0 Edgardo Cardone, dirigente pol\u00edtico, \u00a0periodista, profesor y doctor en Historia, quien hab\u00eda nacido en \n<a class=\"moretag\" href=\"https:\/\/appnoticias.com.ar\/app\/18785-2\/\"> [...]<\/a>","protected":false},"author":5,"featured_media":0,"comment_status":"closed","ping_status":"closed","sticky":false,"template":"","format":"standard","meta":{"footnotes":""},"categories":[8],"tags":[],"class_list":["post-18785","post","type-post","status-publish","format-standard","hentry","category-cultura-y-educacion"],"_links":{"self":[{"href":"https:\/\/appnoticias.com.ar\/app\/wp-json\/wp\/v2\/posts\/18785","targetHints":{"allow":["GET"]}}],"collection":[{"href":"https:\/\/appnoticias.com.ar\/app\/wp-json\/wp\/v2\/posts"}],"about":[{"href":"https:\/\/appnoticias.com.ar\/app\/wp-json\/wp\/v2\/types\/post"}],"author":[{"embeddable":true,"href":"https:\/\/appnoticias.com.ar\/app\/wp-json\/wp\/v2\/users\/5"}],"replies":[{"embeddable":true,"href":"https:\/\/appnoticias.com.ar\/app\/wp-json\/wp\/v2\/comments?post=18785"}],"version-history":[{"count":3,"href":"https:\/\/appnoticias.com.ar\/app\/wp-json\/wp\/v2\/posts\/18785\/revisions"}],"predecessor-version":[{"id":18802,"href":"https:\/\/appnoticias.com.ar\/app\/wp-json\/wp\/v2\/posts\/18785\/revisions\/18802"}],"wp:attachment":[{"href":"https:\/\/appnoticias.com.ar\/app\/wp-json\/wp\/v2\/media?parent=18785"}],"wp:term":[{"taxonomy":"category","embeddable":true,"href":"https:\/\/appnoticias.com.ar\/app\/wp-json\/wp\/v2\/categories?post=18785"},{"taxonomy":"post_tag","embeddable":true,"href":"https:\/\/appnoticias.com.ar\/app\/wp-json\/wp\/v2\/tags?post=18785"}],"curies":[{"name":"wp","href":"https:\/\/api.w.org\/{rel}","templated":true}]}}