{"id":191,"date":"2016-11-07T22:02:41","date_gmt":"2016-11-07T22:02:41","guid":{"rendered":"https:\/\/appnoticias.com.ar\/app\/?p=191"},"modified":"2016-11-08T12:14:35","modified_gmt":"2016-11-08T12:14:35","slug":"finalizo-el-armado-de-un-protocolo-para-casos-de-violencia-familiar","status":"publish","type":"post","link":"https:\/\/appnoticias.com.ar\/app\/finalizo-el-armado-de-un-protocolo-para-casos-de-violencia-familiar\/","title":{"rendered":"Finaliz\u00f3 el armado de un protocolo para casos de violencia familiar"},"content":{"rendered":"<p class=\"m_-2794527965415522662yiv5324704135MsoNormal\" align=\"center\">\n<p class=\"m_-2794527965415522662yiv5324704135MsoNormal\" align=\"center\">Viedma.- (APP) &#8211; Se llev\u00f3 a cabo un nuevo encuentro de la \u00abMesa de Violencia Familiar, Maltrato y Abuso de la Infancia\u00bb, convocada por la Subsecretar\u00eda de Derechos Humanos, dependiente de la Secretar\u00eda de Desarrollo Humano de la Municipalidad de Viedma.<\/p>\n<p>La reuni\u00f3n cont\u00f3 con la presencia de los distintos organismos del Estado que tienen competencia en esta problem\u00e1tica, como la Oficina de la Mujer del Poder Judicial, el Consejo Provincial de la Mujer, la Comisar\u00eda de la Mujer, Defensor\u00eda General, entre otros.<\/p>\n<p class=\"m_-2794527965415522662xmsonormal\">En esta \u00faltima reuni\u00f3n, se termin\u00f3 de confeccionar el protocolo de actuaci\u00f3n, que ser\u00e1 firmado por todos los participantes en un pr\u00f3ximo encuentro. En la oportunidad se\u00a0 realizar\u00e1 la invitaci\u00f3n a los medios de comunicaci\u00f3n de la ciudad.<\/p>\n<p class=\"m_-2794527965415522662xmsonormal\">La Subsecretar\u00eda de Derechos Humanos, Gladis Cofr\u00e9, remarc\u00f3 \u00abla importancia de la participaci\u00f3n de todas las partes del Estado, ya que es el responsable de generar pol\u00edticas p\u00fablicas de acompa\u00f1amiento y seguimiento a v\u00edctimas de violencia familiar para prevenir y erradicar la violencia en el hogar\u00bb.<\/p>\n","protected":false},"excerpt":{"rendered":"Viedma.- (APP) &#8211; Se llev\u00f3 a cabo un nuevo encuentro de la \u00abMesa de Violencia Familiar, Maltrato y Abuso de la Infancia\u00bb, convocada \n<a class=\"moretag\" href=\"https:\/\/appnoticias.com.ar\/app\/finalizo-el-armado-de-un-protocolo-para-casos-de-violencia-familiar\/\"> [...]<\/a>","protected":false},"author":4,"featured_media":0,"comment_status":"closed","ping_status":"closed","sticky":false,"template":"","format":"standard","meta":{"footnotes":""},"categories":[3],"tags":[],"class_list":["post-191","post","type-post","status-publish","format-standard","hentry","category-politica"],"_links":{"self":[{"href":"https:\/\/appnoticias.com.ar\/app\/wp-json\/wp\/v2\/posts\/191","targetHints":{"allow":["GET"]}}],"collection":[{"href":"https:\/\/appnoticias.com.ar\/app\/wp-json\/wp\/v2\/posts"}],"about":[{"href":"https:\/\/appnoticias.com.ar\/app\/wp-json\/wp\/v2\/types\/post"}],"author":[{"embeddable":true,"href":"https:\/\/appnoticias.com.ar\/app\/wp-json\/wp\/v2\/users\/4"}],"replies":[{"embeddable":true,"href":"https:\/\/appnoticias.com.ar\/app\/wp-json\/wp\/v2\/comments?post=191"}],"version-history":[{"count":2,"href":"https:\/\/appnoticias.com.ar\/app\/wp-json\/wp\/v2\/posts\/191\/revisions"}],"predecessor-version":[{"id":231,"href":"https:\/\/appnoticias.com.ar\/app\/wp-json\/wp\/v2\/posts\/191\/revisions\/231"}],"wp:attachment":[{"href":"https:\/\/appnoticias.com.ar\/app\/wp-json\/wp\/v2\/media?parent=191"}],"wp:term":[{"taxonomy":"category","embeddable":true,"href":"https:\/\/appnoticias.com.ar\/app\/wp-json\/wp\/v2\/categories?post=191"},{"taxonomy":"post_tag","embeddable":true,"href":"https:\/\/appnoticias.com.ar\/app\/wp-json\/wp\/v2\/tags?post=191"}],"curies":[{"name":"wp","href":"https:\/\/api.w.org\/{rel}","templated":true}]}}