{"id":22922,"date":"2018-07-30T11:09:25","date_gmt":"2018-07-30T11:09:25","guid":{"rendered":"https:\/\/appnoticias.com.ar\/app\/?p=22922"},"modified":"2018-07-30T11:09:25","modified_gmt":"2018-07-30T11:09:25","slug":"molinari-se-manifesto-en-contra-del-decreto-presidencial-que-reduce-asignaciones-familiares-2","status":"publish","type":"post","link":"https:\/\/appnoticias.com.ar\/app\/molinari-se-manifesto-en-contra-del-decreto-presidencial-que-reduce-asignaciones-familiares-2\/","title":{"rendered":"Molinari se manifest\u00f3 en contra del decreto presidencial que reduce asignaciones familiares"},"content":{"rendered":"<div dir=\"ltr\">\n<p>&nbsp;<\/p>\n<p>Viedma.- (APP) La concejal de la Uni\u00f3n C\u00edvica Radical Genoveva Molinari reclam\u00f3 al gobierno nacional que revea el Decreto 702\/18 del Poder Ejecutivo, por el cual se modifica el c\u00e1lculo de las asignaciones familiares, afectando a los beneficiarios de la regi\u00f3n Patag\u00f3nica, y por ende, de nuestra ciudad.<\/p>\n<p>\u201cDe ninguna manera podemos avalar como radicales dentro de Cambiemos acciones que signifiquen ajustes en los ingresos de los trabajadores, y mucho menos, retroceder en la conquista de derechos\u201d, dijo Molinari.<\/p>\n<p>De esta manera, la concejal radical se sum\u00f3 al pedido de los diputados nacionales de la regi\u00f3n, que desde la C\u00e1mara de Diputados inician acciones tendientes a modificar la decisi\u00f3n \u201cinconsulta\u201d del gobierno nacional.<\/p>\n<p>\u201cDesde mi banca de concejal y como militante radical, acompa\u00f1o el pedido del Comit\u00e9 UCR y los diputados patag\u00f3nicos, rechazando el decreto 702\u201d, insisti\u00f3 Molinari.<\/p>\n<p>\u201cQuienes tenemos responsabilidades pol\u00edticas y p\u00fablicas debemos promover la equidad de los ciudadanos y esto de ninguna manera se logra retrocediendo en la conquista de derechos\u201d, finaliz\u00f3.<\/p>\n<\/div>\n<p>&#8212;<\/p>\n","protected":false},"excerpt":{"rendered":"&nbsp; Viedma.- (APP) La concejal de la Uni\u00f3n C\u00edvica Radical Genoveva Molinari reclam\u00f3 al gobierno nacional que revea el Decreto 702\/18 del Poder \n<a class=\"moretag\" href=\"https:\/\/appnoticias.com.ar\/app\/molinari-se-manifesto-en-contra-del-decreto-presidencial-que-reduce-asignaciones-familiares-2\/\"> [...]<\/a>","protected":false},"author":5,"featured_media":0,"comment_status":"closed","ping_status":"closed","sticky":false,"template":"","format":"standard","meta":{"footnotes":""},"categories":[1],"tags":[],"class_list":["post-22922","post","type-post","status-publish","format-standard","hentry","category-sin-categoria"],"_links":{"self":[{"href":"https:\/\/appnoticias.com.ar\/app\/wp-json\/wp\/v2\/posts\/22922","targetHints":{"allow":["GET"]}}],"collection":[{"href":"https:\/\/appnoticias.com.ar\/app\/wp-json\/wp\/v2\/posts"}],"about":[{"href":"https:\/\/appnoticias.com.ar\/app\/wp-json\/wp\/v2\/types\/post"}],"author":[{"embeddable":true,"href":"https:\/\/appnoticias.com.ar\/app\/wp-json\/wp\/v2\/users\/5"}],"replies":[{"embeddable":true,"href":"https:\/\/appnoticias.com.ar\/app\/wp-json\/wp\/v2\/comments?post=22922"}],"version-history":[{"count":1,"href":"https:\/\/appnoticias.com.ar\/app\/wp-json\/wp\/v2\/posts\/22922\/revisions"}],"predecessor-version":[{"id":22923,"href":"https:\/\/appnoticias.com.ar\/app\/wp-json\/wp\/v2\/posts\/22922\/revisions\/22923"}],"wp:attachment":[{"href":"https:\/\/appnoticias.com.ar\/app\/wp-json\/wp\/v2\/media?parent=22922"}],"wp:term":[{"taxonomy":"category","embeddable":true,"href":"https:\/\/appnoticias.com.ar\/app\/wp-json\/wp\/v2\/categories?post=22922"},{"taxonomy":"post_tag","embeddable":true,"href":"https:\/\/appnoticias.com.ar\/app\/wp-json\/wp\/v2\/tags?post=22922"}],"curies":[{"name":"wp","href":"https:\/\/api.w.org\/{rel}","templated":true}]}}