{"id":251,"date":"2016-11-08T12:33:47","date_gmt":"2016-11-08T12:33:47","guid":{"rendered":"https:\/\/appnoticias.com.ar\/app\/?p=251"},"modified":"2016-11-08T12:33:47","modified_gmt":"2016-11-08T12:33:47","slug":"verna-debe-resolver-sus-diferencias-con-mendoza-y-no-poner-a-weretilneck-como-chivo-expiatorio-2","status":"publish","type":"post","link":"https:\/\/appnoticias.com.ar\/app\/verna-debe-resolver-sus-diferencias-con-mendoza-y-no-poner-a-weretilneck-como-chivo-expiatorio-2\/","title":{"rendered":"\u201cVerna debe resolver sus diferencias con Mendoza y no poner a Weretilneck como chivo expiatorio\u201d"},"content":{"rendered":"<p>&nbsp;<\/p>\n<p>&nbsp;<\/p>\n<p>Viedma.- (APP) As\u00ed se refiri\u00f3 el vicegobernador rionegrino, Pedro Pesatti, respecto al gobernador de La Pampa, que dijo que \u201cde un burro s\u00f3lo pod\u00e9s esperar burradas\u201d.<\/p>\n<p>El vicegobernador Pedro Pesatti, descalific\u00f3 las agresiones verbales del mandatario pampeano Carlos Verna hacia el gobernador Alberto Weretilneck, tras el fracaso de una reuni\u00f3n del Comit\u00e9 Interjurisdiccional del R\u00edo Colorado (Coirco) por la represa mendocina Portezuelo del Viento y el tratamiento de afluentes del r\u00edo Curac\u00f3.<\/p>\n<p>\u201cUna vez m\u00e1s, el gobernador pampeano muestra su enojo con R\u00edo Negro porque en defensa de los lobbys ganaderos de su provincia intenta romper con d\u00e9cadas de sacrificio del resto de los patag\u00f3nicos, y al no poder lograrlo, amenaza con acciones que perjudicar\u00edan severamente a la regi\u00f3n a la que pertenecen como producto de una decisi\u00f3n pol\u00edtica del gobierno menemista que con escas\u00edsimos argumentos transform\u00f3 a La Pampa en una parte de la Patagonia\u201d, indic\u00f3 Pesatti.<\/p>\n<p>El presidente del parlamento rionegrino a\u00f1adi\u00f3 que \u201cLa Pampa debe resolver sus diferencias con Mendoza y no poner al gobernador Weretilneck y a los rionegrinos como chivos expiatorios de una reuni\u00f3n que no se pudo concretar\u201d.<\/p>\n<p>\u201cLo que s\u00ed est\u00e1 claro es que desde que comenz\u00f3 la gesti\u00f3n de Cambiemos, el gobernador Verna parece observar un marco propicio para promover los intereses agr\u00edcolas y ganaderos de su provincia sin respetar las reglas y en ese sentido todos los d\u00edas da un pasito m\u00e1s que a mi juicio demanda que desde Buenos Aires le aclaren donde est\u00e1n sus l\u00edmites\u201d, agreg\u00f3. Pesatti explic\u00f3 al respecto que \u201cVerna quiere que los productos c\u00e1rnicos de la regi\u00f3n ganadera m\u00e1s pr\u00f3spera del pa\u00eds invadan la Patagonia sin importarle el riesgo sanitario y amenaza sin verg\u00fcenza con salinizar el r\u00edo Colorado, v\u00eda Tap\u00f3n de Alonso, sin importar que miles de habitantes se queden sin agua potable y los productores del sector deban rematar a bajo costo su ganado o abandonar la horticultura en el \u00e1rea de CORFO que produce el mayor vol\u00famen de cebolla que exporta Argentina\u201d.<\/p>\n<p>Por \u00faltimo, critic\u00f3 que \u201cVerna vuelve a victimizarse, ahora por una acci\u00f3n de su par mendocino e involucra a Weretilneck. Lo que debe hacer el gobernador pampeano es integrarse definitivamente con sus provincias vecinas y trabajar en el desarrollo regional, dejando de ser un gerente de los intereses privados y de sus amigos ganaderos para amigarse con una regi\u00f3n a la que como m\u00ednimo le debe respeto, pues en todos los libros est\u00e1 escrito d\u00f3nde comienza la Patagonia y en un gesto de solidaridad todos los patag\u00f3nicos aceptamos que los pampeanos compartan con nosotros un espacio de trabajo conjunto, pero no de esta forma, con un gobernador que act\u00faa con la ferocidad de un capataz de estancia\u201d.<\/p>\n","protected":false},"excerpt":{"rendered":"&nbsp; &nbsp; Viedma.- (APP) As\u00ed se refiri\u00f3 el vicegobernador rionegrino, Pedro Pesatti, respecto al gobernador de La Pampa, que dijo que \u201cde un \n<a class=\"moretag\" href=\"https:\/\/appnoticias.com.ar\/app\/verna-debe-resolver-sus-diferencias-con-mendoza-y-no-poner-a-weretilneck-como-chivo-expiatorio-2\/\"> [...]<\/a>","protected":false},"author":5,"featured_media":0,"comment_status":"closed","ping_status":"closed","sticky":false,"template":"","format":"standard","meta":{"footnotes":""},"categories":[3],"tags":[],"class_list":["post-251","post","type-post","status-publish","format-standard","hentry","category-politica"],"_links":{"self":[{"href":"https:\/\/appnoticias.com.ar\/app\/wp-json\/wp\/v2\/posts\/251","targetHints":{"allow":["GET"]}}],"collection":[{"href":"https:\/\/appnoticias.com.ar\/app\/wp-json\/wp\/v2\/posts"}],"about":[{"href":"https:\/\/appnoticias.com.ar\/app\/wp-json\/wp\/v2\/types\/post"}],"author":[{"embeddable":true,"href":"https:\/\/appnoticias.com.ar\/app\/wp-json\/wp\/v2\/users\/5"}],"replies":[{"embeddable":true,"href":"https:\/\/appnoticias.com.ar\/app\/wp-json\/wp\/v2\/comments?post=251"}],"version-history":[{"count":1,"href":"https:\/\/appnoticias.com.ar\/app\/wp-json\/wp\/v2\/posts\/251\/revisions"}],"predecessor-version":[{"id":253,"href":"https:\/\/appnoticias.com.ar\/app\/wp-json\/wp\/v2\/posts\/251\/revisions\/253"}],"wp:attachment":[{"href":"https:\/\/appnoticias.com.ar\/app\/wp-json\/wp\/v2\/media?parent=251"}],"wp:term":[{"taxonomy":"category","embeddable":true,"href":"https:\/\/appnoticias.com.ar\/app\/wp-json\/wp\/v2\/categories?post=251"},{"taxonomy":"post_tag","embeddable":true,"href":"https:\/\/appnoticias.com.ar\/app\/wp-json\/wp\/v2\/tags?post=251"}],"curies":[{"name":"wp","href":"https:\/\/api.w.org\/{rel}","templated":true}]}}