{"id":2606,"date":"2016-01-02T12:27:03","date_gmt":"2016-01-02T12:27:03","guid":{"rendered":"https:\/\/appnoticias.com.ar\/app\/?p=2606"},"modified":"2017-01-13T14:11:44","modified_gmt":"2017-01-13T14:11:44","slug":"vecinos-de-patagones-preocupados-por-el-futuro-del-museo-emma-nozzi","status":"publish","type":"post","link":"https:\/\/appnoticias.com.ar\/app\/vecinos-de-patagones-preocupados-por-el-futuro-del-museo-emma-nozzi\/","title":{"rendered":"Vecinos de Patagones preocupados por el futuro del Museo Emma Nozzi"},"content":{"rendered":"<p>&nbsp;<\/p>\n<p>Patagones.- (APP) En la Casa Cagliero se reunieron d\u00edas atr\u00e1s unos 50 vecinos con el intendente Jos\u00e9 Zara y otras autoridades y referentes culturales, por la incertidumbre ante el futuro del Museo Emma Nozzi, dada la intenci\u00f3n manifestada desde septiembre por el Banco Naci\u00f3n de dejar de sostenerlo y que se haga cargo de todo su presupuesto la Municipalidad.<\/p>\n<p>Se expres\u00f3 el apoyo de la comunidad al jefe municipal para que gestione ante las autoridades provinciales las del Banco Naci\u00f3n para que haya certeza de los recursos necesarios para el mantenimiento, resguardo del patrimonio, recursos humanos, gu\u00edas y actividades del museo.<\/p>\n<p>Ya tiempo atr\u00e1s el director del Museo Regional Emma Nozzi, Jorge Bustos, reconoci\u00f3 a la agencia APP que el futuro de la entidad se iba a terminar definiendo entre el intendente Jos\u00e9 Zara y las autoridades del Banco de la Provincia de Buenos Aires, del que depende desde 1988.<\/p>\n<p>Inform\u00f3 adem\u00e1s que as\u00ed como el traspaso a la entidad bancaria hace casi 20 a\u00f1os se defini\u00f3 por ordenanza, ser\u00e1 el Concejo Deliberante el que apruebe una eventual vuelta a jurisdicci\u00f3n del municipio.<\/p>\n<p>Bustos dijo que \u201cnosotros estamos de alguna manera como espectadores de esta situaci\u00f3n\u201d.<\/p>\n<p>Inform\u00f3 que en septiembre las nuevas autoridades del Banco de la Provincia de Buenos Aires empezaron a plantear la posibilidad de que la administraci\u00f3n del lugar vuelva nuevamente a manos comunales y todav\u00eda no hay ninguna definici\u00f3n.<\/p>\n<p>Expres\u00f3 a la agencia APP que \u201ccreo que hay una actitud positiva de ambas partes, por ejemplo, tuvimos un problema con los gu\u00edas y la municipalidad decidi\u00f3 hacerse cargo del tema, es decir, que no nos falten gu\u00edas en el museo\u201d.<\/p>\n<p>Dado que escapa a sus facultades, no quiso expresarse respecto a los eventuales perjuicios o beneficios que generar\u00eda la vuelta del\u00a0 museo a dependencia del municipio.<\/p>\n<p>Indudablemente, la proyecci\u00f3n y el patrimonio que ha logrado el museo implicar\u00eda un presupuesto importante, atendiendo la seguridad, es decir, el resguardo de los bienes hist\u00f3ricos que posee, los recursos humanos, la infraestructura, los programas de extensi\u00f3n, etc.<\/p>\n<p>Desde el \u00e1mbito pol\u00edtico y de los propios vecinos no todos est\u00e1n de a cuerdo en una municipalizaci\u00f3n. El presidente del bloque FpV, Edgardo Garat, opin\u00f3 por ejemplo que el museo \u201ctiene una estructura muy importante que el Estado Municipal no lo puede sostener y mucho menos hacer crecer\u201d.<\/p>\n<p>Explic\u00f3 en su momento al diario Noticias que \u201cla inversi\u00f3n que ha hecho el Banco no estamos en condiciones de hacerla\u201d, aunque \u201cse podr\u00eda buscar alguna alternativa para que parte de los gastos sean soportados por el Estado Municipal, sobre todo porque corremos el riesgo de que quieran cerrarlo.<\/p>\n<p>Seg\u00fan consider\u00f3 Garat, \u201cno me parece mal que el Estado Municipal haga un aporte para que no se cierre, como por ejemplo pagando a los gu\u00edas, que hoy no hay, pero bueno, sabemos que la nueva pol\u00edtica del Banco es de no invertir, esto es un Gobierno neoliberal y no van a invertir para la gente\u201d. (APP)<\/p>\n","protected":false},"excerpt":{"rendered":"&nbsp; Patagones.- (APP) En la Casa Cagliero se reunieron d\u00edas atr\u00e1s unos 50 vecinos con el intendente Jos\u00e9 Zara y otras autoridades y \n<a class=\"moretag\" href=\"https:\/\/appnoticias.com.ar\/app\/vecinos-de-patagones-preocupados-por-el-futuro-del-museo-emma-nozzi\/\"> [...]<\/a>","protected":false},"author":5,"featured_media":0,"comment_status":"closed","ping_status":"closed","sticky":false,"template":"","format":"standard","meta":{"footnotes":""},"categories":[8],"tags":[],"class_list":["post-2606","post","type-post","status-publish","format-standard","hentry","category-cultura-y-educacion"],"_links":{"self":[{"href":"https:\/\/appnoticias.com.ar\/app\/wp-json\/wp\/v2\/posts\/2606","targetHints":{"allow":["GET"]}}],"collection":[{"href":"https:\/\/appnoticias.com.ar\/app\/wp-json\/wp\/v2\/posts"}],"about":[{"href":"https:\/\/appnoticias.com.ar\/app\/wp-json\/wp\/v2\/types\/post"}],"author":[{"embeddable":true,"href":"https:\/\/appnoticias.com.ar\/app\/wp-json\/wp\/v2\/users\/5"}],"replies":[{"embeddable":true,"href":"https:\/\/appnoticias.com.ar\/app\/wp-json\/wp\/v2\/comments?post=2606"}],"version-history":[{"count":2,"href":"https:\/\/appnoticias.com.ar\/app\/wp-json\/wp\/v2\/posts\/2606\/revisions"}],"predecessor-version":[{"id":2760,"href":"https:\/\/appnoticias.com.ar\/app\/wp-json\/wp\/v2\/posts\/2606\/revisions\/2760"}],"wp:attachment":[{"href":"https:\/\/appnoticias.com.ar\/app\/wp-json\/wp\/v2\/media?parent=2606"}],"wp:term":[{"taxonomy":"category","embeddable":true,"href":"https:\/\/appnoticias.com.ar\/app\/wp-json\/wp\/v2\/categories?post=2606"},{"taxonomy":"post_tag","embeddable":true,"href":"https:\/\/appnoticias.com.ar\/app\/wp-json\/wp\/v2\/tags?post=2606"}],"curies":[{"name":"wp","href":"https:\/\/api.w.org\/{rel}","templated":true}]}}