{"id":44804,"date":"2020-07-23T07:57:54","date_gmt":"2020-07-23T07:57:54","guid":{"rendered":"https:\/\/appnoticias.com.ar\/app\/?p=44804"},"modified":"2020-07-23T08:58:14","modified_gmt":"2020-07-23T08:58:14","slug":"esperan-que-la-mesa-de-emergencia-alimentaria-y-nutricional-tenga-el-presupuesto-necesario","status":"publish","type":"post","link":"https:\/\/appnoticias.com.ar\/app\/esperan-que-la-mesa-de-emergencia-alimentaria-y-nutricional-tenga-el-presupuesto-necesario\/","title":{"rendered":"Esperan que la Mesa de Emergencia Alimentaria y Nutricional \u201ctenga el presupuesto necesario\u201d"},"content":{"rendered":"\n<p>Viedma.- (APP) La dirigente social Lorena Alan,\nintegrante del Equipo Territorial&nbsp; de R\u00edo\nNegro de la Secretaria de Econom\u00eda Social&nbsp;\nde la Naci\u00f3n, dijo que fue un logro en su momento de los compa\u00f1eros y\ncompa\u00f1eras de los movimientos sociales que se declarara en la ciudad la\nEmergencia Alimentaria y ahora esperan que la Mesa de Emergencia Alimentaria y\nNutricional que se crear\u00e1 por una nueva ordenanza \u201ctenga el presupuesto\nnecesario\u201d.<\/p>\n\n\n\n<p>Hay que se\u00f1alar que los representantes de la\neconom\u00eda popular de organizaci\u00f3n social estuvieron de acuerdo con el proyecto\nde ordenanza presentado por el concejal Pedro Bichara (JSRN) y la edil Vanessa\nCacho Devincenzi (PAR), donde se prorroga la Emergencia y se crea esta Mesa\nponi\u00e9ndola en cabeza del Poder Ejecutivo Municipal y ampliando a la vez su\nrepresentaci\u00f3n sectorial. Ser\u00e1 un espacio de articulaci\u00f3n de la gesti\u00f3n del\nEstado Municipal con organismos p\u00fablicos, organizaciones sociales,\nuniversidades, iglesias, sindicatos y sectores econ\u00f3micos-productivos. <\/p>\n\n\n\n<p>Alan explic\u00f3 a APP que \u201cestamos trabajando muy\nfuerte, acompa\u00f1ando a los vecinos como debe ser\u201d, especificando que \u201cesta\npandemia ha hecho que todo sea un poco m\u00e1s pesado, la ca\u00edda en el trabajo,\naquellos que se quedaron sin lo poco que ten\u00edan y requieren un plato de\ncomida\u201d.<\/p>\n\n\n\n<p>Inform\u00f3 precisamente que en el comedor y\nmerendero que ya llevaba adelante antes de su designaci\u00f3n en el barrio 30 de\nMarzo \u201cantes entreg\u00e1bamos comida los d\u00edas s\u00e1bados y hoy lo hacemos de lunes a\nviernes\u201d.<\/p>\n\n\n\n<p>Destac\u00f3 que el municipio entrega dos veces por\nsemana comida&nbsp; elaborada por la Escuela\nde Gastronom\u00eda, unas 60 porciones, \u201cy el resto de los d\u00edas lo sostenemos con\ndonaciones de vecinos, sindicatos y diferentes organizaciones y personas que se\nacercan a dar una mano\u201d. Dijo que solidaridad hay, y adem\u00e1s de los alimentos la\ngente colabor\u00f3 con el comedor con algunas cosas materiales, como una\nsalamandra, reponer los vidrios del lugar, entre otros.<\/p>\n\n\n\n<p>Alan, que es referente de la Confederaci\u00f3n de\nTrabajadores de la Econom\u00eda Popular (CTEP), de la Uni\u00f3n de Trabajadores y\nTrabajadoras de la Econom\u00eda Popular (UTEP) y del Movimiento Evita, explicit\u00f3\nsobre el aumento de la necesidad por alimentos que pasaron \u201cde 80 porciones a\n140, de 15 a 20 familias, hoy atendemos a 36\u201d. Critic\u00f3 que la provincia ha\nestado pr\u00e1cticamente ausente de la ayuda a comedores y merenderos y no se han\npodido reunir con el nuevo ministro de la cartera social.<\/p>\n\n\n\n<p>Destac\u00f3 igualmente a APP que hay un respaldo\nmuy importante del gobierno nacional a trav\u00e9s de la Tarjeta Alimentaria y\nesperan que a trav\u00e9s de la Mesa de Emergencia Alimentaria y Nutricional se\ncanalice parte de la asistencia crediticia a la que acceder\u00e1 el municipio para\nseguir emfrentando la pandemia, al margen de la asistencia que ya realiza.<\/p>\n\n\n\n<p>Se\u00f1al\u00f3 adem\u00e1s que en los barrios vulnerables\ndebe haber \u201cun acompa\u00f1amiento a ni\u00f1os y ni\u00f1as, a los pibes y pibas, con medidas\nde contenci\u00f3n\u201d, supliendo algunas actividades deportivas que ahora no se pueden\nhacer. (APP)<\/p>\n","protected":false},"excerpt":{"rendered":"Viedma.- (APP) La dirigente social Lorena Alan, integrante del Equipo Territorial&nbsp; de R\u00edo Negro de la Secretaria de Econom\u00eda Social&nbsp; de la Naci\u00f3n, \n<a class=\"moretag\" href=\"https:\/\/appnoticias.com.ar\/app\/esperan-que-la-mesa-de-emergencia-alimentaria-y-nutricional-tenga-el-presupuesto-necesario\/\"> [...]<\/a>","protected":false},"author":5,"featured_media":0,"comment_status":"closed","ping_status":"closed","sticky":false,"template":"","format":"standard","meta":{"footnotes":""},"categories":[3],"tags":[],"class_list":["post-44804","post","type-post","status-publish","format-standard","hentry","category-politica"],"_links":{"self":[{"href":"https:\/\/appnoticias.com.ar\/app\/wp-json\/wp\/v2\/posts\/44804","targetHints":{"allow":["GET"]}}],"collection":[{"href":"https:\/\/appnoticias.com.ar\/app\/wp-json\/wp\/v2\/posts"}],"about":[{"href":"https:\/\/appnoticias.com.ar\/app\/wp-json\/wp\/v2\/types\/post"}],"author":[{"embeddable":true,"href":"https:\/\/appnoticias.com.ar\/app\/wp-json\/wp\/v2\/users\/5"}],"replies":[{"embeddable":true,"href":"https:\/\/appnoticias.com.ar\/app\/wp-json\/wp\/v2\/comments?post=44804"}],"version-history":[{"count":0,"href":"https:\/\/appnoticias.com.ar\/app\/wp-json\/wp\/v2\/posts\/44804\/revisions"}],"wp:attachment":[{"href":"https:\/\/appnoticias.com.ar\/app\/wp-json\/wp\/v2\/media?parent=44804"}],"wp:term":[{"taxonomy":"category","embeddable":true,"href":"https:\/\/appnoticias.com.ar\/app\/wp-json\/wp\/v2\/categories?post=44804"},{"taxonomy":"post_tag","embeddable":true,"href":"https:\/\/appnoticias.com.ar\/app\/wp-json\/wp\/v2\/tags?post=44804"}],"curies":[{"name":"wp","href":"https:\/\/api.w.org\/{rel}","templated":true}]}}