{"id":506,"date":"2016-11-11T09:32:23","date_gmt":"2016-11-11T09:32:23","guid":{"rendered":"https:\/\/appnoticias.com.ar\/app\/?p=506"},"modified":"2016-11-11T09:32:23","modified_gmt":"2016-11-11T09:32:23","slug":"gustavo-malek-es-el-nuevo-subsecretario-de-turismo-de-la-municipalidad-de-viedma","status":"publish","type":"post","link":"https:\/\/appnoticias.com.ar\/app\/gustavo-malek-es-el-nuevo-subsecretario-de-turismo-de-la-municipalidad-de-viedma\/","title":{"rendered":"Gustavo Malek es el nuevo Subsecretario de Turismo de la Municipalidad de Viedma"},"content":{"rendered":"<p>&nbsp;<\/p>\n<p><span style=\"font-family: Arial, sans-serif;\">Viedma.- (APP) El Intendente de Viedma, Jos\u00e9 Lu\u00eds Foulkes, puso en funciones a Gustavo Malek al frente de la Subsecretar\u00eda de Turismo de la Municipalidad de Viedma. El sencillo acto se realiz\u00f3 en las oficinas de Informes Tur\u00edsticos, en la Costanera de la ciudad.<\/span><\/p>\n<p><span style=\"font-family: Arial, sans-serif;\">Malek posee una amplia trayectoria en materia tur\u00edstica y cumpli\u00f3 funciones en el \u00e1mbito p\u00fablico en \u00e1reas de cultura y turismo, como as\u00ed tambi\u00e9n en el \u00e1mbito privado. Fue Presidente del CO. PRO.TUR ( Consorcio de Promoci\u00f3n Tur\u00edstica de Viedma y Patagones), miembro del Corredor Tur\u00edstico Provincial \u201cAtl\u00e1ntico Bonaerense\u201d y Presidente del Corredor Tur\u00edstico Interprovincial \u201cPatagonia de las Playas\u201d.<\/span><\/p>\n<p><span style=\"font-family: Arial, sans-serif;\">El intendente Jos\u00e9 Luis Foulkes, agradeci\u00f3 el trabajo ejercido por Sergio Papp\u00e1tico, le dio la bienvenida al nuevo subsecretario y habl\u00f3 sobre el trabajo en conjunto con la ciudad de Carmen de Patagones, en gesti\u00f3n de pol\u00edticas p\u00fablicas.<br \/>\n<\/span><\/p>\n<p>\u201c<span style=\"font-family: Arial, sans-serif;\">La presencia de Gustavo Malek sustenta lo que venimos realizando. A poco de iniciarse la temporada, tenemos un fuerte desaf\u00edo con dos cosas fundamentales que est\u00e1n en proceso de construcci\u00f3n con la Universidad de R\u00edo Negro: la aplicaci\u00f3n de una metodolog\u00eda flacso para el desarrollo de la costa y la iniciaci\u00f3n de un proceso de pol\u00edticas p\u00fablicas con financiamiento del CFI que nos va a involucrar a todos\u201d.<\/span><\/p>\n<p><span style=\"font-family: Arial, sans-serif;\">Adem\u00e1s, Foulkes se refiri\u00f3 al turismo y desarrollo econ\u00f3mico de La Comarca como una fortaleza principal de las dos ciudades y concluy\u00f3 en que \u201cestamos hablando de gestiones y trabajos que eran imposibles hace tiempo atr\u00e1s, trabajos en beneficio de las dos ciudades\u201d.<\/span><\/p>\n<p><span style=\"font-family: Arial, sans-serif;\">El nuevo Subsecretario de Turismo, Gustavo Malek, agradeci\u00f3 la convocatoria del Intendente para realizar sus funciones en el Municipio. \u201cEl desaf\u00edo es muy grande, creo que hay muchas cosas para hacer, sobre todo para llevar adelante durante la temporada de verano y luego para empezar a trabajar y proyectar. El turismo tiene que trabajar con el Estado y el privado, y durante los \u00faltimos a\u00f1os esto se ha venido realizando\u201d.<\/span><\/p>\n","protected":false},"excerpt":{"rendered":"&nbsp; Viedma.- (APP) El Intendente de Viedma, Jos\u00e9 Lu\u00eds Foulkes, puso en funciones a Gustavo Malek al frente de la Subsecretar\u00eda de Turismo \n<a class=\"moretag\" href=\"https:\/\/appnoticias.com.ar\/app\/gustavo-malek-es-el-nuevo-subsecretario-de-turismo-de-la-municipalidad-de-viedma\/\"> [...]<\/a>","protected":false},"author":5,"featured_media":0,"comment_status":"closed","ping_status":"closed","sticky":false,"template":"","format":"standard","meta":{"footnotes":""},"categories":[3],"tags":[],"class_list":["post-506","post","type-post","status-publish","format-standard","hentry","category-politica"],"_links":{"self":[{"href":"https:\/\/appnoticias.com.ar\/app\/wp-json\/wp\/v2\/posts\/506","targetHints":{"allow":["GET"]}}],"collection":[{"href":"https:\/\/appnoticias.com.ar\/app\/wp-json\/wp\/v2\/posts"}],"about":[{"href":"https:\/\/appnoticias.com.ar\/app\/wp-json\/wp\/v2\/types\/post"}],"author":[{"embeddable":true,"href":"https:\/\/appnoticias.com.ar\/app\/wp-json\/wp\/v2\/users\/5"}],"replies":[{"embeddable":true,"href":"https:\/\/appnoticias.com.ar\/app\/wp-json\/wp\/v2\/comments?post=506"}],"version-history":[{"count":1,"href":"https:\/\/appnoticias.com.ar\/app\/wp-json\/wp\/v2\/posts\/506\/revisions"}],"predecessor-version":[{"id":508,"href":"https:\/\/appnoticias.com.ar\/app\/wp-json\/wp\/v2\/posts\/506\/revisions\/508"}],"wp:attachment":[{"href":"https:\/\/appnoticias.com.ar\/app\/wp-json\/wp\/v2\/media?parent=506"}],"wp:term":[{"taxonomy":"category","embeddable":true,"href":"https:\/\/appnoticias.com.ar\/app\/wp-json\/wp\/v2\/categories?post=506"},{"taxonomy":"post_tag","embeddable":true,"href":"https:\/\/appnoticias.com.ar\/app\/wp-json\/wp\/v2\/tags?post=506"}],"curies":[{"name":"wp","href":"https:\/\/api.w.org\/{rel}","templated":true}]}}