{"id":516,"date":"2016-11-11T09:56:46","date_gmt":"2016-11-11T09:56:46","guid":{"rendered":"https:\/\/appnoticias.com.ar\/app\/?p=516"},"modified":"2016-11-11T09:56:46","modified_gmt":"2016-11-11T09:56:46","slug":"centenario-de-la-casa-de-gobierno-de-viedmapor-carlos-espinosa","status":"publish","type":"post","link":"https:\/\/appnoticias.com.ar\/app\/centenario-de-la-casa-de-gobierno-de-viedmapor-carlos-espinosa\/","title":{"rendered":"Centenario de la Casa de Gobierno de Viedma*\/Por Carlos Espinosa"},"content":{"rendered":"<p>&nbsp;<\/p>\n<p>Viedma.- (APP) Se cumplieron cien a\u00f1os de la inauguraci\u00f3n de la primitiva planta baja del edificio de la Casa de Gobierno, en Viedma. Las obras fueron impulsadas por Pedro Antonio Serrano, por entonces gobernador del Territorio Nacional de R\u00edo Negro.<\/p>\n<p>\u201cEn el mes de junio de 1914 Serrano anunciaba que recib\u00eda, del gobierno nacional, la suma de siete mil pesos para la construcci\u00f3n del edificio central de la Polic\u00eda del Territorio, en Viedma. La informaci\u00f3n oficial indicaba que con el objeto de que ese desembolso resultase suficiente se utilizar\u00edan, como mano de obra calificada, los obreros empleados en la c\u00e1rcel federal viedmense y tambi\u00e9n, como peones, a los propios presos ocupantes de las celdas de la penitenciaria de las calles Alem (por entonces llamada Jujuy) y Alvaro Barros, (que ya ten\u00eda el nombre actual).<br \/>\nEste procedimiento para alivianar los costos de construcci\u00f3n, utilizando empleados del Estado y presos alojados en la c\u00e1rcel local, fue de inmediato muy bien visto por la sociedad viedmense.<br \/>\nLo que se supo un poco despu\u00e9s es que el gobernador Serrano tambi\u00e9n hab\u00eda dispuesto un importante ahorro de costos en cuanto al suministro de ladrillos, poniendo en marcha los hornos de cocci\u00f3n de esos materiales en instalaciones de la chacra de la C\u00e1rcel de Viedma y con el trabajo de los internos.<br \/>\nDe estas cuestiones se hac\u00eda eco La Nueva Era, con las siguientes consideraciones.<br \/>\n\u201cUna de estas iniciativas, posiblemente la m\u00e1s provechosa consider\u00e1ndola desde varios puntos de vista, es la de la fabricaci\u00f3n de ladrillos utilizando al efecto el trabajo de los pensionistas de la c\u00e1rcel viedmense. (\u2026) Hemos visitado los hornos, atendidos por pensionistas del establecimiento carcelarios. Unos veinte individuos trabajan ah\u00ed con actividad encomiable y mediante una retribuci\u00f3n sumamente modesta, producen una cantidad de trabajo considerable. En el t\u00e9rmino de algunas semanas han llevado la producci\u00f3n de ladrillos hasta acumular unos trescientos mil, listos para la obra y de calidad inmejorable. Adem\u00e1s hay una cantidad crecida de adobes y se prosigue cortando a raz\u00f3n de cincuenta mil ladrillos por d\u00eda, pero esta cifra es susceptible de ser aumentada, conforme los noveles obreros vayan adquiriendo con el ejercicio la habilidad indispensable para rendir el m\u00e1ximo de utilidad, el que puede estimarse en setenta mil ladrillos por d\u00eda\u201d. (La Nueva Era, 27 de diciembre de 1914)\u201d<br \/>\n\u201cLas obras avanzaban, a pesar de las limitaciones presupuestarias, y el 23 de noviembre de 1915 en las p\u00e1ginas de La Nueva Era pod\u00eda leerse que \u201cest\u00e1 a punto de ser terminada la construcci\u00f3n del edificio destinado a la Jefatura y la Comisar\u00eda de polic\u00eda de Viedma, ejecutada administrativamente por la Gobernaci\u00f3n del Territorio con una econom\u00eda de cierta importancia en su costo.\u201d<br \/>\nEl suelto a\u00f1ad\u00eda una somera descripci\u00f3n, puntualizando que \u201cel amplio edificio levantado frente a plaza San Mart\u00edn, por la elegancia de sus l\u00edneas y las comodidades que ofrece a las dependencias de la Polic\u00eda, hace honor al municipio de esta capital que aumenta el n\u00famero de sus construcciones urbanas con una mansi\u00f3n hermosa, erigida con arreglo a las leyes de la arquitectura moderna\u201d.<br \/>\nMayores datos surgen de otra nota del mismo semanario de referencia donde se detalla que la obra consta de 22 oficinas, con 32 metros de frente a la plaza San Mart\u00edn y 46 metros de profundidad.\u201d<br \/>\n\u201cSe advierte que hasta principios de 1916 todas las comunicaciones period\u00edsticas, as\u00ed como las menciones administrativas en los breves detalles del bolet\u00edn oficial de la Gobernaci\u00f3n, aluden al edificio de la esquina de la calles Mendoza y Congreso de Tucum\u00e1n (actuales Belgrano y Laprida) enfrente de la plaza San Mart\u00edn, como \u201cla Jefatura y Comisar\u00eda de Viedma\u201d.<br \/>\nPero Serrano ten\u00eda planificada la mudanza de todas las oficinas gubernamentales a la nueva sede, que con ingenio y buena administraci\u00f3n hab\u00eda logrado levantar en algo m\u00e1s de un a\u00f1o y medio de labores.<br \/>\nUn peque\u00f1o suelto, aparecido en La Nueva Era el siete de mayo de 1916, indica que \u201cen estos d\u00edas las oficinas del gobierno del territorio han sido trasladadas a su nuevo local, en el edificio construido para jefatura de polic\u00eda y comisar\u00eda de Viedma, frente a la plaza Alvear o San Mart\u00edn, de Viedma\u201d.<br \/>\n\u201cDesde ma\u00f1ana ya funcionar\u00e1n en la nueva casa, donde la gobernaci\u00f3n tendr\u00e1 no s\u00f3lo el confort de amplias habitaciones bien construidas, sino una mejora considerable de la est\u00e9tica, pues el edificio de referencia es uno de los mejores de los territorios nacionales\u201d completa la breve cr\u00f3nica, en la que no quedan dudas sobre la utilidad que habr\u00eda de tener la mencionada construcci\u00f3n.\u201d<br \/>\n\u201cDos meses despu\u00e9s, en los solemnes actos del Centenario de la Declaraci\u00f3n de la Independencia, el 9 de julio de 1916, la Casa de Gobierno y Jefatura de Polic\u00eda del Territorio de R\u00edo Negro tiene una modesta inauguraci\u00f3n formal.<br \/>\nSerrano transitaba por los \u00faltimos meses de su mandato trianual y, sabedor de que sus recursos administrativos de ahorro y aprovechamiento de mano de obra carcelaria despertaban cr\u00edticas en algunos sectores del gobierno nacional, habr\u00eda preferido mantener como algo discreto la habilitaci\u00f3n de esas nuevas dependencias.<br \/>\nEn el desarrollo de los actos oficiales del 9 de julio de 1916 s\u00f3lo se menciona que, en la ma\u00f1ana de ese d\u00eda, despu\u00e9s del Te Deum en el templo parroquial, una numerosa columna de autoridades, vecinos ilustres y escolares, se dirigi\u00f3 hasta la plaza San Mart\u00edn \u201ca las puertas de la Casa de Gobierno\u201d, en donde se descubri\u00f3 una placa de bronce de homenaje a los pr\u00f3ceres de la asamblea de la independencia, costeada por la municipalidad.\u201d<\/p>\n<p>*Esta nota fue elaborada con extractos del libro \u201cCr\u00f3nicas de la Casa de Gobierno de R\u00edo Negro, 1916-9 de julio-2016\u201d escrito y compilado por Carlos Espinosa, editado por la Comisi\u00f3n Interpoderes del Bicentenario de la Independencia Nacional, cuyo lanzamiento oficial se producir\u00e1 en los pr\u00f3ximos d\u00edas.<\/p>\n","protected":false},"excerpt":{"rendered":"&nbsp; Viedma.- (APP) Se cumplieron cien a\u00f1os de la inauguraci\u00f3n de la primitiva planta baja del edificio de la Casa de Gobierno, en \n<a class=\"moretag\" href=\"https:\/\/appnoticias.com.ar\/app\/centenario-de-la-casa-de-gobierno-de-viedmapor-carlos-espinosa\/\"> [...]<\/a>","protected":false},"author":5,"featured_media":0,"comment_status":"closed","ping_status":"closed","sticky":false,"template":"","format":"standard","meta":{"footnotes":""},"categories":[5],"tags":[],"class_list":["post-516","post","type-post","status-publish","format-standard","hentry","category-opinion"],"_links":{"self":[{"href":"https:\/\/appnoticias.com.ar\/app\/wp-json\/wp\/v2\/posts\/516","targetHints":{"allow":["GET"]}}],"collection":[{"href":"https:\/\/appnoticias.com.ar\/app\/wp-json\/wp\/v2\/posts"}],"about":[{"href":"https:\/\/appnoticias.com.ar\/app\/wp-json\/wp\/v2\/types\/post"}],"author":[{"embeddable":true,"href":"https:\/\/appnoticias.com.ar\/app\/wp-json\/wp\/v2\/users\/5"}],"replies":[{"embeddable":true,"href":"https:\/\/appnoticias.com.ar\/app\/wp-json\/wp\/v2\/comments?post=516"}],"version-history":[{"count":1,"href":"https:\/\/appnoticias.com.ar\/app\/wp-json\/wp\/v2\/posts\/516\/revisions"}],"predecessor-version":[{"id":518,"href":"https:\/\/appnoticias.com.ar\/app\/wp-json\/wp\/v2\/posts\/516\/revisions\/518"}],"wp:attachment":[{"href":"https:\/\/appnoticias.com.ar\/app\/wp-json\/wp\/v2\/media?parent=516"}],"wp:term":[{"taxonomy":"category","embeddable":true,"href":"https:\/\/appnoticias.com.ar\/app\/wp-json\/wp\/v2\/categories?post=516"},{"taxonomy":"post_tag","embeddable":true,"href":"https:\/\/appnoticias.com.ar\/app\/wp-json\/wp\/v2\/tags?post=516"}],"curies":[{"name":"wp","href":"https:\/\/api.w.org\/{rel}","templated":true}]}}