{"id":535,"date":"2016-11-11T11:23:55","date_gmt":"2016-11-11T11:23:55","guid":{"rendered":"https:\/\/appnoticias.com.ar\/app\/?p=535"},"modified":"2016-11-11T15:00:12","modified_gmt":"2016-11-11T15:00:12","slug":"en-memoria-del-oficial-lucas-munoz-se-debatio-sobre-la-formacion-policial","status":"publish","type":"post","link":"https:\/\/appnoticias.com.ar\/app\/en-memoria-del-oficial-lucas-munoz-se-debatio-sobre-la-formacion-policial\/","title":{"rendered":"En memoria del oficial Lucas Mu\u00f1oz se debati\u00f3 sobre la formaci\u00f3n policial"},"content":{"rendered":"<p>Viedma.- (APP) \u00a0Se realiz\u00f3 en Viedma un acto en\u00a0 memoria del oficial de polic\u00eda Lucas Mu\u00f1oz, cuyo cuerpo sin vida apareci\u00f3 en Bariloche el pasado 10 de agosto sin que se aclaren a\u00fan las razones y autor\u00eda de su asesinato. El encuentro fue promovido por la sede Atl\u00e1ntica de la Universidad Nacional de R\u00edo Negro (UNRN) por cuyas aulas pas\u00f3 Mu\u00f1oz, como alumno de la Tecnicatura en Seguridad Urbana.<\/p>\n<p>El vicerrector Anselmo Torres,\u00a0 m\u00e1ximo responsable de esta sede de la UNRN, fue uno de los oradores del acto y lament\u00f3 que esa Tecnicatura se haya cerrado, tras las decisi\u00f3n del gobierno provincial de no hacerla obligatoria para los cadetes alumnos de la Escuela de Polic\u00eda de R\u00edo Negro.<\/p>\n<p>El directivo y docente hizo una apretada s\u00edntesis de las planes desarrollados originalmente por la Universidad\u00a0 Nacional del Comahue, en su Centro Regional Zona Atl\u00e1ntica (Curza), \u00a0con el objeto de contribuir en la formaci\u00f3n de los cuadros de oficiales de la Polic\u00eda de R\u00edo Negro \u201ccon la finalidad de complementar la capacitaci\u00f3n espec\u00edfica de la Escuela de Polic\u00eda y aportar otros contenidos formativos\u201d, y que esas acciones estaban dirigidas a efectivos que ya hab\u00edan egresado y cumpl\u00edan funciones policiales.<\/p>\n<p>Record\u00f3, en ese sentido, que las primeras experiencias tropezaron con la dificultad de que la Jefatura de Polic\u00eda \u2013haciendo caso omiso al pedido de las autoridades universitarias- somet\u00edan a los polic\u00edas-alumnos a traslados que los distanciaban de la sede de los estudios\u00a0 acad\u00e9micos, ocasionando su interrupci\u00f3n.<\/p>\n<p>\u201cEn respuesta a esta situaci\u00f3n y \u00a0despu\u00e9s de creada la UNRN decidimos \u00a0la apertura de la Tecnicatura en Seguridad y que la formaci\u00f3n de los polic\u00edas se hiciera en las aulas universitarias. Porque creemos que es un proyecto que debemos seguir defendiendo y porque para la sociedad en su conjunto el tema de la seguridad es uno de los prioritarios, y nosotros como universidad no podemos estar ajenos; y creemos que la \u00fanica manera en que podemos involucrarnos es a trav\u00e9s de la \u00a0educaci\u00f3n\u201d, afirm\u00f3 Anselmo Torres.<\/p>\n<p>Se refiri\u00f3 as\u00ed al acuerdo con el gobierno provincial, en el a\u00f1o 2011, que aseguraba los recursos presupuestarios para que la capacitaci\u00f3n policial fuese absolutamente gratuita y, de esa manera, se eliminaba una eventual barrera para el acceso de los cadetes al claustro universitario.<\/p>\n<p>\u201cPor lo tanto en la sede Atl\u00e1ntica de nuestra Universidad de R\u00edo Negro la Tecnicatura en Seguridad Ciudadana era absolutamente gratuita para los alumnos; y se puso en marcha con un convenio (con el gobierno provincial) que lamentablemente (y por un error nuestro)\u00a0 ten\u00eda solamente dos a\u00f1os de duraci\u00f3n\u201d explic\u00f3 despu\u00e9s.<\/p>\n<p>Esa Tecnicatura arranc\u00f3 en el inicio del ciclo lectivo del 2012 \u2013tras una intensa gesti\u00f3n de organizaci\u00f3n de contenidos y designaci\u00f3n de docentes-\u00b8pero al t\u00e9rmino del a\u00f1o 2013 el gobierno dispuso que los cadetes de la Escuela de Polic\u00eda dejaran de asistir a la UNRN; \u201csin que existiese una comunicaci\u00f3n formal, sin plantear el tema en la comisi\u00f3n de enlace que se hab\u00eda dispuesto entre la cartera de Seguridad y nuestro vicerrectorado\u201d.<\/p>\n<p>\u201cDespu\u00e9s de los reclamos y de escuchar (de parte del Gobierno) el argumento falso de que los cursos les sal\u00edan muy costosos (pues eran gratuitos) logramos que los chicos fuesen nuevamente enviados a nuestras aulas; y al a\u00f1o siguiente otra vez tuvimos dificultades de ese tipo\u201d a\u00f1adi\u00f3 Torres.<\/p>\n<p>Esta saga de desencuentros entre las autoridades provinciales y la UNRN se complet\u00f3 a principios de este a\u00f1o 2016 con el dictado de una resoluci\u00f3n del ministerio de Seguridad y Justicia dando por finalizada la capacitaci\u00f3n universitaria de los alumnos de la escuela de Polic\u00eda de R\u00edo Negro, no s\u00f3lo en la sede de Viedma sino tambi\u00e9n en las correspondientes a Valle Medio y Alto Valle. De esta manera el gobierno rionegrino volvi\u00f3 a ejercer absoluto control sobre la formaci\u00f3n del personal policial.<\/p>\n<p>\u201cTodo esto nos dej\u00f3 varias ense\u00f1anzas. Estoy convencido de que la UNRN no puede\u00a0 desentenderse de una problem\u00e1tica que tanto preocupa a la sociedad como es la de la seguridad\u00a0 y por eso seguiremos insistiendo en que esta formaci\u00f3n vuelva a estar en el \u00e1mbito universitario. Tambi\u00e9n pienso que tal vez tengamos que repensar la forma en que se hacen los convenios, analizar hacia quien se direcciona la formaci\u00f3n y en este punto estamos pensando que no deber\u00eda ser s\u00f3lo para los integrantes de las fuerzas de seguridad, porque esta problem\u00e1tica trasciende a la polic\u00eda y hay otros \u00e1mbitos relacionados a esta cuesti\u00f3n que tambi\u00e9n debieran formarse en el campo universitario, aunque est\u00e1 claro que el actor fundamental es el personal policial y sin su participaci\u00f3n no se pueden lograr resultados concretos\u201d.<\/p>\n<p>\u201cHasta que no exista un convencimiento pleno delas autoridades policiales de que sus cuadros de conducci\u00f3n deben formarse en\u00a0 las aulas universitarias esto ser\u00e1 muy dif\u00edcil de lograr, porque tampoco hay convencimiento pol\u00edtico sobre este tema. Y me molesta mucho m\u00e1s la desidia pol\u00edtica en tomar este tipo decisi\u00f3n que la l\u00f3gica corporativa de la fuerza de seguridad.\u00a0 El retiro de la polic\u00eda de un plan de formaci\u00f3n universitaria se pudo producir\u00a0 s\u00f3lo con el aval pol\u00edtico , por eso a nosotros nos parece que la resistencia\u00a0 m\u00e1s fuerte est\u00e1 all\u00ed, en el plano de la pol\u00edtica\u201d.<\/p>\n<p>\u201cPero no nos podemos quedar de brazos cruzados, es la segunda vez que lo intentamos y es la segunda vez que no lo logramos. Pero como estamos convencidos de que \u00e9ste es el camino lo \u00faltimo que haremos ser\u00e1 darnos por vencidos\u201d, afirm\u00f3 finalmente.<\/p>\n<p>Del encuentro, realizado en una de las aulas de la UNRN en el edificio de la Manzana Hist\u00f3rica de Viedma, tambi\u00e9n particip\u00f3 Javier Mu\u00f1oz \u2013hermano del polic\u00eda asesinado-, \u00a0quien record\u00f3 su frustrado paso por las aulas de la Universidad del Comahue \u2013cuando se realiz\u00f3 primera experiencia de capacitaci\u00f3n universitaria de los efectivos policiales.<\/p>\n<p>Record\u00f3, al respecto, que \u201cla estructura interna de la escuela (de Polic\u00eda) se contradec\u00eda con lo que se nos daba en la Universidad, (porque) \u00a0los horarios no nos alcanzaban para estudiar y cumplir con las exigencias del entrenamiento, con un traj\u00edn desde las seis de la ma\u00f1ana hasta las diez de la noche\u201d.<\/p>\n<p>En cuanto a la experiencia que le toc\u00f3\u00a0 vivir a su hermano Lucas dijo que \u201clas cosas hab\u00edan cambiado para bien y \u00e9l asist\u00eda con entusiasmo y responsabilidad en sus estudios, logrando ser el abanderado de su promoci\u00f3n\u201d.<\/p>\n<p>Otro de los disertantes fue el comisario retirado Walter Puebla Mor\u00f3n, ex jefe del Servicio Penitenciario de R\u00edo Negro, y docente de la Tecnicatura en Seguridad Ciudadana de la UNRN, quien se refiri\u00f3 a las numerosas dudas que se plantean en torno al secuestro y posterior asesinato de Lucas Mu\u00f1oz.<\/p>\n<p>\u201cLo primero que se dijo despu\u00e9s de la desaparici\u00f3n de Lucas fue que \u00e9l no investigaba nada, lo que contradice la verdad que indica que son las jerarqu\u00edas m\u00e1s bajas las que abordan las investigaciones\u201d puntualiz\u00f3 en este sentido.<\/p>\n<p>El p\u00e1rroco de la Catedral, el padre Luis Garc\u00eda, tambi\u00e9n tuvo intervenci\u00f3n en el debate, refiri\u00e9ndose a lo terrible de que \u201chaya personas que puedan seguir viviendo tranquilas, despu\u00e9s de haber participado directa o indirectamente en el asesinato de un polic\u00eda, de un compa\u00f1ero, de un conocido, y m\u00e1xime cuando la inmensa mayor\u00eda de quienes habitamos esta provincia nos consideramos creyentes y cristianos, y tenemos que creer en el Dios de la vida\u201d.<\/p>\n","protected":false},"excerpt":{"rendered":"Viedma.- (APP) \u00a0Se realiz\u00f3 en Viedma un acto en\u00a0 memoria del oficial de polic\u00eda Lucas Mu\u00f1oz, cuyo cuerpo sin vida apareci\u00f3 en Bariloche \n<a class=\"moretag\" href=\"https:\/\/appnoticias.com.ar\/app\/en-memoria-del-oficial-lucas-munoz-se-debatio-sobre-la-formacion-policial\/\"> [...]<\/a>","protected":false},"author":4,"featured_media":0,"comment_status":"closed","ping_status":"closed","sticky":false,"template":"","format":"standard","meta":{"footnotes":""},"categories":[4],"tags":[],"class_list":["post-535","post","type-post","status-publish","format-standard","hentry","category-viedma"],"_links":{"self":[{"href":"https:\/\/appnoticias.com.ar\/app\/wp-json\/wp\/v2\/posts\/535","targetHints":{"allow":["GET"]}}],"collection":[{"href":"https:\/\/appnoticias.com.ar\/app\/wp-json\/wp\/v2\/posts"}],"about":[{"href":"https:\/\/appnoticias.com.ar\/app\/wp-json\/wp\/v2\/types\/post"}],"author":[{"embeddable":true,"href":"https:\/\/appnoticias.com.ar\/app\/wp-json\/wp\/v2\/users\/4"}],"replies":[{"embeddable":true,"href":"https:\/\/appnoticias.com.ar\/app\/wp-json\/wp\/v2\/comments?post=535"}],"version-history":[{"count":2,"href":"https:\/\/appnoticias.com.ar\/app\/wp-json\/wp\/v2\/posts\/535\/revisions"}],"predecessor-version":[{"id":550,"href":"https:\/\/appnoticias.com.ar\/app\/wp-json\/wp\/v2\/posts\/535\/revisions\/550"}],"wp:attachment":[{"href":"https:\/\/appnoticias.com.ar\/app\/wp-json\/wp\/v2\/media?parent=535"}],"wp:term":[{"taxonomy":"category","embeddable":true,"href":"https:\/\/appnoticias.com.ar\/app\/wp-json\/wp\/v2\/categories?post=535"},{"taxonomy":"post_tag","embeddable":true,"href":"https:\/\/appnoticias.com.ar\/app\/wp-json\/wp\/v2\/tags?post=535"}],"curies":[{"name":"wp","href":"https:\/\/api.w.org\/{rel}","templated":true}]}}