{"id":54017,"date":"2021-05-28T07:56:29","date_gmt":"2021-05-28T07:56:29","guid":{"rendered":"https:\/\/appnoticias.com.ar\/app\/?p=54017"},"modified":"2021-05-28T11:39:19","modified_gmt":"2021-05-28T11:39:19","slug":"parquizacion-sobre-el-balneario-publico-de-san-javier","status":"publish","type":"post","link":"https:\/\/appnoticias.com.ar\/app\/parquizacion-sobre-el-balneario-publico-de-san-javier\/","title":{"rendered":"Parquizaci\u00f3n sobre el balneario p\u00fablico de San Javier"},"content":{"rendered":"\n<p>Viedma.- (APP) Tal como lo hab\u00eda adelantado el comisionado de San Javier, Javier Garavaglia, cuando termin\u00f3 en marzo \u00faltimo la temporada en el balneario de la localidad, el Departamento Provincial de Aguas (DPA) se encuentra ejecutando la obra de parquizaci\u00f3n en el lugar&nbsp; con el agregado de suelo vegetal y siembra de cobertura herb\u00e1cea en el \u00e1rea ribere\u00f1a.&nbsp; Estas tareas permitir\u00e1n estabilizar sus m\u00e1rgenes, consolidar la planicie natural de inundaci\u00f3n y agregarle valor paisaj\u00edstico y ambiental para las y los vecinos de la localidad.<\/p>\n\n\n\n<p>Adem\u00e1s, los trabajos\ncomprenden la instalaci\u00f3n y puesta en funcionamiento deo un sistema de riego\npor aspersi\u00f3n con una electrobomba centr\u00edfuga monof\u00e1sica, ca\u00f1er\u00eda de impulsi\u00f3n\nde PVC y se realiza la traza de 460 metros de vereda peatonal de hormig\u00f3n. <\/p>\n\n\n\n<p>Javier Garavaglia\ndestac\u00f3 que desde la inauguraci\u00f3n del balneario &nbsp;en el 2016 hubo continuidad de obras \u201cde\nembellecimiento y mejora\u201d. Record\u00f3 que se trata del primer espacio tur\u00edstico\np\u00fablico que tiene San Javier con un frente de 300 metros de playa sobre el r\u00edo.\nLos trabajos que est\u00e1 realizando el DPA tienen un presupuesto cercano al\n1.500.000 pesos y un porcentaje de avance del 40%.<\/p>\n\n\n\n<p>Garavaglia se\u00f1al\u00f3\nadem\u00e1s a APP que en el \u00e1rea \u201chay un bosquete del sauce colorado o criollo,\nnativo del r\u00edo Negro, el m\u00e1s grande del Valle Inferior, de unas 90 especies\u201d.\nInform\u00f3 que en funci\u00f3n de resguardarlo y extenderlo se realiz\u00f3 \u201cun convenio con\nel INTA de Bariloche, a trav\u00e9s de un programa de recuperaci\u00f3n de especies\nvegetales en extinci\u00f3n, y ellos han llevado cepas desde aqu\u00ed y est\u00e1n\ndesarrollando un vivero\u201d. \u201cLa intenci\u00f3n es que San Javier y Viedma puedan\nreimplantar unos 500 sauces, empezando por cien en una primera etapa, lo que\npermitir\u00e1 sumar sombra en la zona del balneario\u201d, indic\u00f3.<\/p>\n\n\n\n<p>Record\u00f3 Garavaglia que\nel sauce colorado o criollo, como era el \u00fanico en esta zona, fue el utilizado\npor los primeros habitantes, ya que a diferencia del sauce com\u00fan ten\u00eda una\nmadera de muy buena calidad y se desarrollaba en forma recta. \u201cCon esa madera\nse construy\u00f3 la catedral, el muelle, las embarcaciones, muebles, y por eso el\ntalado indiscriminado lo puso en riesgo de extinci\u00f3n, al margen del avance de\notras especies implantadas como el mimbre, el sauce llor\u00f3n, el \u00e1lamo y otras\nintroducidas\u201d, explic\u00f3. (APP)<\/p>\n","protected":false},"excerpt":{"rendered":"Viedma.- (APP) Tal como lo hab\u00eda adelantado el comisionado de San Javier, Javier Garavaglia, cuando termin\u00f3 en marzo \u00faltimo la temporada en el \n<a class=\"moretag\" href=\"https:\/\/appnoticias.com.ar\/app\/parquizacion-sobre-el-balneario-publico-de-san-javier\/\"> [...]<\/a>","protected":false},"author":5,"featured_media":0,"comment_status":"closed","ping_status":"closed","sticky":false,"template":"","format":"standard","meta":{"footnotes":""},"categories":[3],"tags":[],"class_list":["post-54017","post","type-post","status-publish","format-standard","hentry","category-politica"],"_links":{"self":[{"href":"https:\/\/appnoticias.com.ar\/app\/wp-json\/wp\/v2\/posts\/54017","targetHints":{"allow":["GET"]}}],"collection":[{"href":"https:\/\/appnoticias.com.ar\/app\/wp-json\/wp\/v2\/posts"}],"about":[{"href":"https:\/\/appnoticias.com.ar\/app\/wp-json\/wp\/v2\/types\/post"}],"author":[{"embeddable":true,"href":"https:\/\/appnoticias.com.ar\/app\/wp-json\/wp\/v2\/users\/5"}],"replies":[{"embeddable":true,"href":"https:\/\/appnoticias.com.ar\/app\/wp-json\/wp\/v2\/comments?post=54017"}],"version-history":[{"count":1,"href":"https:\/\/appnoticias.com.ar\/app\/wp-json\/wp\/v2\/posts\/54017\/revisions"}],"predecessor-version":[{"id":54019,"href":"https:\/\/appnoticias.com.ar\/app\/wp-json\/wp\/v2\/posts\/54017\/revisions\/54019"}],"wp:attachment":[{"href":"https:\/\/appnoticias.com.ar\/app\/wp-json\/wp\/v2\/media?parent=54017"}],"wp:term":[{"taxonomy":"category","embeddable":true,"href":"https:\/\/appnoticias.com.ar\/app\/wp-json\/wp\/v2\/categories?post=54017"},{"taxonomy":"post_tag","embeddable":true,"href":"https:\/\/appnoticias.com.ar\/app\/wp-json\/wp\/v2\/tags?post=54017"}],"curies":[{"name":"wp","href":"https:\/\/api.w.org\/{rel}","templated":true}]}}