{"id":544,"date":"2016-11-11T14:35:03","date_gmt":"2016-11-11T14:35:03","guid":{"rendered":"https:\/\/appnoticias.com.ar\/app\/?p=544"},"modified":"2016-11-11T15:01:45","modified_gmt":"2016-11-11T15:01:45","slug":"comienzan-el-congreso-de-cooperativas","status":"publish","type":"post","link":"https:\/\/appnoticias.com.ar\/app\/comienzan-el-congreso-de-cooperativas\/","title":{"rendered":"Comienza el congreso de cooperativas"},"content":{"rendered":"<p align=\"CENTER\">\n<p align=\"CENTER\">Viedma.- (APP) &#8211; La legisladora Soraya Yauhar record\u00f3 que hoy comienza el 47\u00b0 Congreso Provincial de Cooperativas de R\u00edo Negro y el 28\u00b0 Congreso de la Federaci\u00f3n de Cooperativas de R\u00edo Negro, que se extender\u00e1 hasta el domingo 13. Las mismas se realizan en la localidad de Ingeniero Jacobacci y fueron declaradas de inter\u00e9s por la Legislatura rionegrina.<\/p>\n<p align=\"JUSTIFY\"><span style=\"color: #000000;\"><span style=\"font-family: Arial, sans-serif;\"><span style=\"font-size: medium;\">Destac\u00f3 que \u201cel movimiento cooperativo de R\u00edo Negro cuenta hoy con aproximadamente 400 cooperativas en plena actividad a lo largo y a lo ancho del territorio provincial, muchas de ellas son de gran magnitud y han traspasado los l\u00edmites de la provincia, siendo reconocidas a nivel nacional\u201d.<\/span><\/span><\/span><\/p>\n<p align=\"JUSTIFY\"><span style=\"color: #000000;\"><span style=\"font-family: Arial, sans-serif;\"><span style=\"font-size: medium;\">Yauhar mencion\u00f3 que anualmente el movimiento cooperativo provincial se re\u00fane a fin de evaluar actividades, analizar propuestas y proyectos, sin dejar de tener en cuenta la \u201cEducaci\u00f3n Cooperativa\u201d.<\/span><\/span><\/span><\/p>\n<p align=\"JUSTIFY\"><span style=\"color: #000000;\"><span style=\"font-family: Arial, sans-serif;\"><span style=\"font-size: medium;\">Este a\u00f1o se realizar\u00e1 el 47\u00b0 Congreso Provincial de Cooperativas de R\u00edo Negro y el 28\u00b0 Congreso de la Federaci\u00f3n de Cooperativas de R\u00edo Negro bajo el lema \u201cProcurando el Buen Vivir\u201d, en consonancia con la propuesta de la Alianza Cooperativa Internacional.<\/span><\/span><\/span><\/p>\n<p align=\"JUSTIFY\"><span style=\"color: #000000;\"><span style=\"font-family: Arial, sans-serif;\"><span style=\"font-size: medium;\">Explic\u00f3 la legisladora que \u201cen esta oportunidad no s\u00f3lo se desarrollar\u00e1 el Congreso Provincial a fin de evaluar el avance del movimiento, sino que el mismo se desarrollar\u00e1 en la localidad de Ingeniero Jacobacci, en el centenario de su nacimiento, y en el marco de los festejos de esta ciudad de la Regi\u00f3n Sur\u201d.<\/span><\/span><\/span><\/p>\n<p align=\"JUSTIFY\"><span style=\"color: #000000;\"><span style=\"font-family: Arial, sans-serif;\"><span style=\"font-size: medium;\">Adem\u00e1s del trabajo en comisiones, divididas en temas tales como Trabajo, Vivienda, Consumo, Producci\u00f3n Agropecuaria, Servicios P\u00fablicos, J\u00f3venes y Cooperativismo Escolar, habr\u00e1 exposiciones de diversas cooperativas y presentaci\u00f3n de obras de teatro y en el \u00faltimo d\u00eda de trabajo se leer\u00e1n los acuerdos y se realizar\u00e1 la puesta en com\u00fan de las ideas fuerza del congreso.<\/span><\/span><\/span><\/p>\n","protected":false},"excerpt":{"rendered":"Viedma.- (APP) &#8211; La legisladora Soraya Yauhar record\u00f3 que hoy comienza el 47\u00b0 Congreso Provincial de Cooperativas de R\u00edo Negro y el 28\u00b0 \n<a class=\"moretag\" href=\"https:\/\/appnoticias.com.ar\/app\/comienzan-el-congreso-de-cooperativas\/\"> [...]<\/a>","protected":false},"author":4,"featured_media":0,"comment_status":"closed","ping_status":"closed","sticky":false,"template":"","format":"standard","meta":{"footnotes":""},"categories":[17],"tags":[],"class_list":["post-544","post","type-post","status-publish","format-standard","hentry","category-regionales"],"_links":{"self":[{"href":"https:\/\/appnoticias.com.ar\/app\/wp-json\/wp\/v2\/posts\/544","targetHints":{"allow":["GET"]}}],"collection":[{"href":"https:\/\/appnoticias.com.ar\/app\/wp-json\/wp\/v2\/posts"}],"about":[{"href":"https:\/\/appnoticias.com.ar\/app\/wp-json\/wp\/v2\/types\/post"}],"author":[{"embeddable":true,"href":"https:\/\/appnoticias.com.ar\/app\/wp-json\/wp\/v2\/users\/4"}],"replies":[{"embeddable":true,"href":"https:\/\/appnoticias.com.ar\/app\/wp-json\/wp\/v2\/comments?post=544"}],"version-history":[{"count":2,"href":"https:\/\/appnoticias.com.ar\/app\/wp-json\/wp\/v2\/posts\/544\/revisions"}],"predecessor-version":[{"id":552,"href":"https:\/\/appnoticias.com.ar\/app\/wp-json\/wp\/v2\/posts\/544\/revisions\/552"}],"wp:attachment":[{"href":"https:\/\/appnoticias.com.ar\/app\/wp-json\/wp\/v2\/media?parent=544"}],"wp:term":[{"taxonomy":"category","embeddable":true,"href":"https:\/\/appnoticias.com.ar\/app\/wp-json\/wp\/v2\/categories?post=544"},{"taxonomy":"post_tag","embeddable":true,"href":"https:\/\/appnoticias.com.ar\/app\/wp-json\/wp\/v2\/tags?post=544"}],"curies":[{"name":"wp","href":"https:\/\/api.w.org\/{rel}","templated":true}]}}