{"id":579,"date":"2016-11-13T15:39:44","date_gmt":"2016-11-13T15:39:44","guid":{"rendered":"https:\/\/appnoticias.com.ar\/app\/?p=579"},"modified":"2016-12-13T13:22:27","modified_gmt":"2016-12-13T13:22:27","slug":"una-justicia-sospechada-y-en-crisispor-omar-n-livigni","status":"publish","type":"post","link":"https:\/\/appnoticias.com.ar\/app\/una-justicia-sospechada-y-en-crisispor-omar-n-livigni\/","title":{"rendered":"Una justicia sospechada y en crisis\/Por Omar N. Livigni"},"content":{"rendered":"<p>&nbsp;<\/p>\n<p>Viedma.- (APP) La tan mentada reforma de la constituci\u00f3n provincial, objetivo que surgi\u00f3 en el \u00faltimo tramo del mandato del ex gobernador radical Miguel Saiz, fue retomada por el actual, Alberto Weretilneck,\u00a0 con la diferencia que \u00e9ste \u00faltimo est\u00e1 decidido a impulsar su re-reelecci\u00f3n para el periodo 2019-2023 y consolidar as\u00ed un prolongado lapso de hegemon\u00eda pol\u00edtica.<\/p>\n<p>Esta cuesti\u00f3n se ha transformado en un tema recurrente para los rionegrinos, porque nunca se aleja del todo en los an\u00e1lisis cotidianos y se proyecta como una sombra infaltable en cada reuni\u00f3n, comida o mesa de caf\u00e9 que se trate.<\/p>\n<p>Las s\u00fabitas apariciones y desapariciones del tema sobre el escenario p\u00fablico crispan, desorientan y preocupan a la mayor\u00eda de los dirigentes, de las agrupaciones pol\u00edticas, castigados por la ciudadan\u00eda en las elecciones del 2011 con el triunfo del actual oficialismo gobernante.<\/p>\n<p>A partir de all\u00ed muchos perdieron protagonismo y la capacidad de\u00a0 transformarse en opositores cre\u00edbles como alternativas de recambios y salvo muy contadas excepciones, las circunstancias los han transformado\u00a0 en meros comentaristas de una realidad, de la que se encuentran lejanos, aislados o impotentes.<\/p>\n<p>La iniciativa pol\u00edtica, por ser la \u00fanica en acci\u00f3n -si hay otras son min\u00fasculas o no se visualizan-, pasa casi enteramente por el gobernador Weretilneck, pese a las dificultades del momento, la disminuci\u00f3n de los recursos federales, algunos otros factores como los propios errores.\u00a0 \u00bfEs que hay alguna otra variante enfrente?<\/p>\n<p>Frente a la pasividad de las dem\u00e1s agrupaciones partidarias, algunas reci\u00e9n est\u00e1n quebrando la inercia, como el radicalismo reci\u00e9n organizado y el PRO rumbo a\u00a0 Cambiemos, o el justicialismo armando equipos t\u00e9cnicos, el Gobernador persiste en sus permanentes recorridos por el territorio provincial, desde la privilegiada plataforma que le permite repartir\u00a0 obras p\u00fablicas, formular anuncios, asignar acciones y favores, o gestionar en Buenos Aires en defensa de sectores de la producci\u00f3n, ll\u00e1mense barrera sanitaria, fruticultura,\u00a0 etc.<\/p>\n<p>Ese \u201cmodus operandis\u201d fue analizado d\u00edas pasados por Weretilneck y legisladores de JSRN en la residencia oficial, en base a datos de consultoras de opini\u00f3n sobre la gesti\u00f3n\u00a0 la imagen\u00a0 y performance del gobierno y las municipalidades -algunas con dificultades-, diagn\u00f3stico del que se habr\u00edan extra\u00eddos favorables resultados, aunque algunos no tanto, \u00a0y conclusiones.<\/p>\n<p>El Gobernador sigue con alta buena imagen, aunque unos puntos en baja respecto a anteriores mediciones, salvo en Roca donde subi\u00f3, baja calificaci\u00f3n en la gesti\u00f3n en general, e \u00edndices m\u00e1s cr\u00edticos en municipios, como Allen, con la salvedad que Mart\u00edn Soria sigue midiendo muy bien, Gustavo Gennuso en Bariloche repunt\u00f3 y algunos buenos datos para intendentes de localidades m\u00e1s chicas.<\/p>\n<p>Ese quehacer marca una din\u00e1mica y apunta a consolidar dos proyectos: el fortalecimiento del partido Juntos Somos Rio Negro y lograr la reforma de la constituci\u00f3n provincial, con vistas a la re-reelecci\u00f3n de Weretilneck, sumando aliados y compa\u00f1eros de ruta.<\/p>\n<p>La \u00fanica duda que preocupa a los asesores de Weretilneck est\u00e1\u00a0 referida al momento de introducir el proyecto en la legislatura, si antes o despu\u00e9s de las elecciones a diputados nacionales del a\u00f1o que viene, o bien, como habr\u00eda sugerido el senador nacional Miguel Pichetto, aguardar la llegada del 2018, para tener un mejor conocimiento del contexto nacional y provincial, sin los apremios de consultas comiciales.<\/p>\n<p>Ahora\u00a0 ha surgido un sorpresivo y sugestivo planteo que se considera favorable al oficialismo, desde un plano muy importante del Superior Tribunal de Justicia, supeditando la vigencia del nuevo C\u00f3digo Procesal Penal a una previa reforma constitucional para dividir la Procuraci\u00f3n General en Fiscal\u00eda y Defensor\u00eda.<\/p>\n<p>Como es f\u00e1cil de suponer la propuesta de la Dra. Silvia Baquero Lazcano y los fiscales, liber\u00f3 el cauce de infinitas suspicacias sobre presuntas \u201ccoincidencias\u201d de los impulsores de esta iniciativa y el gobierno provincial.<\/p>\n<p>Esa desconfianza casi autom\u00e1tica que se percibe no es antojadiza, porque los rionegrinos de buena memoria tienen presente que el Superior Tribunal de Justica en general y determinados magistrados en particular, permitieron en distintas \u00e9pocas las influencias del poder pol\u00edtico en ese \u00e1mbito para beneficios de algunos y\/o alcanzar mediante alg\u00fan atajo sus altas funciones, e inclusive para direccionar las sentencias en algunas causas. Esto ha sido as\u00ed, y tal vez lo es todav\u00eda, hipocres\u00edas aparte.<\/p>\n<p>Al respecto es muy sugerente la opini\u00f3n del Dr. H\u00e9ctor Leguizam\u00f3n Pondal, camarista, presidente del Colegio de Magistrados de R\u00edo Negro e integrante de la comisi\u00f3n interpoderes abocada a la reforma del C\u00f3digo Penal, quien en declaraciones a FM Nativa y la agencia APP asegur\u00f3 que \u201cno es necesaria la reforma de la constituci\u00f3n para la implementaci\u00f3n del nuevo c\u00f3digo\u201d.<\/p>\n<p>Con el agregado, en directa referencia a la Dra. Baquero Lazcano, que \u201cesos temas no deben discutirse en el despacho del gobernador, sino en la comisi\u00f3n interpoderes\u201d.<\/p>\n<p>Leguizam\u00f3n Pondal remat\u00f3 sus afirmaciones sosteniendo que \u201clo m\u00e1s importante de la reforma, que no se puede dilatar, es que va a consagrar la presencia ciudadana en la administraci\u00f3n de justicia y el establecimiento del juicio por jurados llevar\u00e1 al ciudadano a esa realidad, no como usuario sino como decisor\u201d.<\/p>\n<p>Asimismo como respuesta indirecta a los fiscales rionegrinos, conocidos en su mayor\u00eda por oponerse a la vigencia del nuevo c\u00f3digo y especialmente al juicio por jurados, el presidente del Colegio de Magistrados subray\u00f3 que \u201cel primero de marzo de 2017\u00a0 con el nuevo c\u00f3digo en vigencia ser\u00e1 el punto de partida, y el primero de enero del 2018 se alcanzar\u00e1 la plenitud\u201d.<\/p>\n<p>Una obvia alusi\u00f3n a la necesidad de una justica menos elitista, m\u00e1s democr\u00e1tica y transparente, m\u00e1s cercana a la gente,\u00a0 donde los vecinos dejen de ser meros espectadores, sin arte ni parte en el dictado de las sentencias.<\/p>\n<p>Las continuas manifestaciones populares frente al edificio del STJ, en la ciudad capital, cuestionando la acci\u00f3n de los jueces o reclamando contra la impunidad en diversas causas como la de Atahualpa Mart\u00ednez o contra la corrupci\u00f3n de menores y la misma historia siempre presente de los cr\u00edmenes irresueltos de R\u00edo Colorado,\u00a0 Cipolletti, la muerte sin culpables de\u00a0 Oto\u00f1o Uriarte o la desaparici\u00f3n hace cinco a\u00f1os del pe\u00f3n salte\u00f1o Daniel Solano, son ejemplos para tener en cuenta.<\/p>\n<p>El \u00fanico dirigente pol\u00edtico opositor que se dej\u00f3 escuchar fue Nicol\u00e1s Rochas del Frente para la Victoria, qui\u00e9n tambi\u00e9n en FM Nativa y APP cuestion\u00f3 \u201cla improvisaci\u00f3n y precariedad del Superior Tribunal de Justicia para la puesta en marcha del nuevo C\u00f3digo Procesal Penal\u201d.<\/p>\n<p>Por su parte el vice gobernador Pedro Pesatti y el secretario general de la Gobernaci\u00f3n Mat\u00edas Rulli fueron sugestivamente coincidentes en distinguir la propuesta reformista de la Procuradora, de la que el oficialismo es absolutamente prescindente, del proyecto\u00a0 gubernamental, que ahora no est\u00e1 en agenda.<\/p>\n<p>Como saldo de este episodio que dejar\u00e1 consecuencias, queda expuesta una situaci\u00f3n de crisis\u00a0 inocultable de la justicia rionegrina ya que es muy dif\u00edcil, se dir\u00eda imposible, poder justificar estas posiciones encontradas sobre el C\u00f3digo, su puesta en vigencia coincidentemente con el juicio por jurados, as\u00ed como sobre recursos, la infraestructura y personal necesarios para cumplir con las\u00a0 reformas a las leyes de la polic\u00eda, de la justicia y el ministerio p\u00fablico.<\/p>\n<p>Es que resulta complejo comprender que toda esta problem\u00e1tica surgiera reci\u00e9n ahora, despu\u00e9s que la comisi\u00f3n interpoderes desde el 2015 hasta la fecha tuvo la obligaci\u00f3n de abordar esos t\u00f3picos insoslayables, y lleva un a\u00f1o de trabajo sin haber arribado a consensos.<\/p>\n<p>\u00bfNo hubo tiempo para el debate y las soluciones, se careci\u00f3 de voluntad o ambas cosas a la vez?<\/p>\n<p>\u00bfQue es en definitiva lo que sucedi\u00f3 all\u00ed?<\/p>\n<p>Estas discrepancias se parecen demasiado a enfrentamientos internos\u00a0 entre jueces y magistrados, que en su momento dejaron de lado antiguas ortodoxias y formalidades de trato, reemplazadas hoy por la presencia de grupos y rivalidades inconcebibles hasta hace muy poco, seg\u00fan comentarios de habituales asistentes al Palacio de los Tribunales en Viedma.<\/p>\n<p>En este marco conflictual, la presidente de la comisi\u00f3n interpoderes, la legisladora Tania Lastra de JSRN, se encarg\u00f3 de informar la existencia de indisimulables tensiones entre la titular del STJ, Liliana Piccinini y la procuradora Baquero Lazcano.<\/p>\n<p>Las divergencias se dan ahora, en lo que surge como una\u00a0 aparente\u00a0 s\u00edntesis de\u00a0 importantes nuevos argumentos para\u00a0 introducir en una\u00a0 pr\u00f3xima\u00a0 e hipot\u00e9tica carta magna, que ubicar\u00edan a un sustantivo sector de la justicia de ser sospechado y funcional a los intereses del Poder Ejecutivo.<\/p>\n<p>Y frente a estos criterios, hay otro ponderable agrupamiento de magistrados que est\u00e1n alineados en la ant\u00edtesis, ratificando ambos polos la existencia de una justicia profundamente dividida y\u00a0 oficializada por la fuerza de los hechos. Esta situaci\u00f3n de crisis estuvo m\u00e1s o menos oculta, pero ahora se ha presentado\u00a0 p\u00fablicamente en sociedad.<\/p>\n<p>A partir de ahora hay cuestiones gravitantes que deber\u00e1n ser resueltas en la pr\u00f3xima reuni\u00f3n de la comisi\u00f3n interpoderes, donde deber\u00e1 dilucidarse cu\u00e1l es la posici\u00f3n del Superior Tribunal de Justicia, si est\u00e1 de acuerdo o no con la\u00a0 propuesta de la procuradora general Baquero Lazcano que retornar\u00e1 a fines del corriente mes al ejercicio de sus funciones. (Omar N. Livigni) (APP)<\/p>\n","protected":false},"excerpt":{"rendered":"&nbsp; Viedma.- (APP) La tan mentada reforma de la constituci\u00f3n provincial, objetivo que surgi\u00f3 en el \u00faltimo tramo del mandato del ex gobernador \n<a class=\"moretag\" href=\"https:\/\/appnoticias.com.ar\/app\/una-justicia-sospechada-y-en-crisispor-omar-n-livigni\/\"> [...]<\/a>","protected":false},"author":5,"featured_media":0,"comment_status":"closed","ping_status":"closed","sticky":false,"template":"","format":"standard","meta":{"footnotes":""},"categories":[3],"tags":[],"class_list":["post-579","post","type-post","status-publish","format-standard","hentry","category-politica"],"_links":{"self":[{"href":"https:\/\/appnoticias.com.ar\/app\/wp-json\/wp\/v2\/posts\/579","targetHints":{"allow":["GET"]}}],"collection":[{"href":"https:\/\/appnoticias.com.ar\/app\/wp-json\/wp\/v2\/posts"}],"about":[{"href":"https:\/\/appnoticias.com.ar\/app\/wp-json\/wp\/v2\/types\/post"}],"author":[{"embeddable":true,"href":"https:\/\/appnoticias.com.ar\/app\/wp-json\/wp\/v2\/users\/5"}],"replies":[{"embeddable":true,"href":"https:\/\/appnoticias.com.ar\/app\/wp-json\/wp\/v2\/comments?post=579"}],"version-history":[{"count":1,"href":"https:\/\/appnoticias.com.ar\/app\/wp-json\/wp\/v2\/posts\/579\/revisions"}],"predecessor-version":[{"id":580,"href":"https:\/\/appnoticias.com.ar\/app\/wp-json\/wp\/v2\/posts\/579\/revisions\/580"}],"wp:attachment":[{"href":"https:\/\/appnoticias.com.ar\/app\/wp-json\/wp\/v2\/media?parent=579"}],"wp:term":[{"taxonomy":"category","embeddable":true,"href":"https:\/\/appnoticias.com.ar\/app\/wp-json\/wp\/v2\/categories?post=579"},{"taxonomy":"post_tag","embeddable":true,"href":"https:\/\/appnoticias.com.ar\/app\/wp-json\/wp\/v2\/tags?post=579"}],"curies":[{"name":"wp","href":"https:\/\/api.w.org\/{rel}","templated":true}]}}