{"id":584,"date":"2016-11-13T15:52:36","date_gmt":"2016-11-13T15:52:36","guid":{"rendered":"https:\/\/appnoticias.com.ar\/app\/?p=584"},"modified":"2016-11-13T15:55:08","modified_gmt":"2016-11-13T15:55:08","slug":"584-2","status":"publish","type":"post","link":"https:\/\/appnoticias.com.ar\/app\/584-2\/","title":{"rendered":"Pesar por el fallecimiento del Legislador Juan Carlos Apud"},"content":{"rendered":"<p>&nbsp;<\/p>\n<p>Viedma.- (APP) Los legisladores de la bancada de Juntos Somos R\u00edo Negro, queremos manifestar nuestro dolor y tristeza por el fallecimiento de nuestro compa\u00f1ero de Bloque Juan Carlos Apud, un hombre m\u00e1s que comprometido, enamorado de R\u00edo Negro.<\/p>\n<p>Fue una sorpresa y un golpe su partida, porque empuj\u00f3 con entusiasmo nuestros proyectos hasta la \u00faltima sesi\u00f3n.<\/p>\n<p>Amante de su Valle Medio, docente y militante. Reivindic\u00f3 el compromiso de los pioneros y crey\u00f3 siempre el potencial de Beltr\u00e1n, su lugar en el mundo.<\/p>\n<p>Fue un orgullo para nosotros haber podido compartir con \u00e9l la pasi\u00f3n por la pol\u00edtica, entendida como servicio y herramienta que\u00a0 permite encauzar\u00a0 las potencialidades de nuestra provincia.<\/p>\n<p>Acompa\u00f1amos a la familia en el dolor, y despedimos a Juan Carlos Apud con tristeza por la partida, y con profundo agradecimiento por todo lo que nos aport\u00f3 desde su hombr\u00eda de bien.<\/p>\n<p>DE LARRABURU<\/p>\n<p>La Senadora Silvina Garc\u00eda Larraburu lamenta el fallecimiento del legislador y ex intendente de la localidad de Luis Beltr\u00e1n, Juan Carlos Apud, y env\u00eda un afectuoso saludo a familiares y amigos en tan doloroso momento.<\/p>\n<p>Que en paz descanse.<\/p>\n<p>DE LA LEGISLATURA<\/p>\n<p>Apud, de 70 a\u00f1os, jur\u00f3 en diciembre de 2015 como legislador en representaci\u00f3n del circuito Valle Medio, y anteriormente fue intendente de su localidad, en los per\u00edodos 2007\/2011 y 2011\/2015.<\/p>\n<p>El Parlamento rionegrino hace extensivo el p\u00e9same a familiares y amigos del legislador fallecido.<\/p>\n<p>DE AGOSTINO<\/p>\n<p>La Legisladora Daniela Agostino desea expresar sus m\u00e1s sentidas condolencias por el fallecimiento del ex Intendente de Luis Beltr\u00e1n y actual legislador provincial Juan Carlos Apud \u00a0y hace extensivas las mismas a sus familiares y amistades.<\/p>\n","protected":false},"excerpt":{"rendered":"&nbsp; Viedma.- (APP) Los legisladores de la bancada de Juntos Somos R\u00edo Negro, queremos manifestar nuestro dolor y tristeza por el fallecimiento de \n<a class=\"moretag\" href=\"https:\/\/appnoticias.com.ar\/app\/584-2\/\"> [...]<\/a>","protected":false},"author":5,"featured_media":0,"comment_status":"closed","ping_status":"closed","sticky":false,"template":"","format":"standard","meta":{"footnotes":""},"categories":[1],"tags":[],"class_list":["post-584","post","type-post","status-publish","format-standard","hentry","category-sin-categoria"],"_links":{"self":[{"href":"https:\/\/appnoticias.com.ar\/app\/wp-json\/wp\/v2\/posts\/584","targetHints":{"allow":["GET"]}}],"collection":[{"href":"https:\/\/appnoticias.com.ar\/app\/wp-json\/wp\/v2\/posts"}],"about":[{"href":"https:\/\/appnoticias.com.ar\/app\/wp-json\/wp\/v2\/types\/post"}],"author":[{"embeddable":true,"href":"https:\/\/appnoticias.com.ar\/app\/wp-json\/wp\/v2\/users\/5"}],"replies":[{"embeddable":true,"href":"https:\/\/appnoticias.com.ar\/app\/wp-json\/wp\/v2\/comments?post=584"}],"version-history":[{"count":4,"href":"https:\/\/appnoticias.com.ar\/app\/wp-json\/wp\/v2\/posts\/584\/revisions"}],"predecessor-version":[{"id":589,"href":"https:\/\/appnoticias.com.ar\/app\/wp-json\/wp\/v2\/posts\/584\/revisions\/589"}],"wp:attachment":[{"href":"https:\/\/appnoticias.com.ar\/app\/wp-json\/wp\/v2\/media?parent=584"}],"wp:term":[{"taxonomy":"category","embeddable":true,"href":"https:\/\/appnoticias.com.ar\/app\/wp-json\/wp\/v2\/categories?post=584"},{"taxonomy":"post_tag","embeddable":true,"href":"https:\/\/appnoticias.com.ar\/app\/wp-json\/wp\/v2\/tags?post=584"}],"curies":[{"name":"wp","href":"https:\/\/api.w.org\/{rel}","templated":true}]}}