{"id":614,"date":"2016-11-14T11:02:05","date_gmt":"2016-11-14T11:02:05","guid":{"rendered":"https:\/\/appnoticias.com.ar\/app\/?p=614"},"modified":"2016-11-14T11:02:05","modified_gmt":"2016-11-14T11:02:05","slug":"pichetto-massa-podria-ser-el-nuevo-lider-del-peronismo","status":"publish","type":"post","link":"https:\/\/appnoticias.com.ar\/app\/pichetto-massa-podria-ser-el-nuevo-lider-del-peronismo\/","title":{"rendered":"Pichetto: \u00abMassa podr\u00eda ser el nuevo l\u00edder del peronismo\u00bb"},"content":{"rendered":"<p>&nbsp;<\/p>\n<p>Viedma.-(APP) El jefe del bloque de Senadores del FPV-PJ, Miguel Angel Pichetto, advirti\u00f3 que el peronismo necesita \u00abun proceso de renovaci\u00f3n generacional\u00bb y asegur\u00f3 que si el diputado nacional Sergio Massa \u00abgana en la provincia el a\u00f1o que viene\u00bb en las elecciones legislativas puede \u00abser el nuevo l\u00edder del peronismo\u00bb.<\/p>\n<p>El legislador se\u00f1al\u00f3 que el PJ necesita de un proceso de renovaci\u00f3n generacional que se iniciar\u00eda a partir del resultado de las elecciones de medio t\u00e9rmino, y record\u00f3: \u00abel que gana conduce\u00bb.<\/p>\n<p>Pichetto opin\u00f3 que el Frente Renovador \u00abes un espacio pol\u00edtico que tiene una corriente peronista muy fuerte y dirigentes importantes\u00bb, por lo que \u00abel que gane en Provincia, si el peronismo hace una buena elecci\u00f3n, emerger\u00e1 con un liderazgo importante\u00bb. \u00abY en esto lo incluyo al Frente Renovador. Si Massa gana en la Provincia el a\u00f1o que viene va a ser el nuevo l\u00edder del peronismo de cara a 2019\u00bb, agreg\u00f3 el funcionario, seg\u00fan DYN.<\/p>\n<p>Sobre la figura de Massa, el senador consider\u00f3 que \u00abes un hombre que tiene proyecci\u00f3n, como tambi\u00e9n la tienen otras figuras j\u00f3venes del peronismo, ll\u00e1mese (Florencio) Randazzo, (Omar) Perotti, (Diego) Bossio o los gobernadores que han aparecido como (Gustavo) Bordet, (Sergio) U\u00f1ac o el propio (Juan Manuel) Urtubey\u00bb.<\/p>\n<p>Consultado por si se considera un \u00abopositor genuino\u00bb, Pichetto respondi\u00f3 que se siente \u00abun hombre de la democracia argentina\u00bb y cree que \u00aben esta etapa hay que apoyar los lineamientos del Gobierno y la gobernabilidad de las provincias\u00bb. \u00abAlgunos temas en los que hemos disentido hemos expresado claramente nuestra posici\u00f3n, pero no hemos puesto palos en la rueda. Hemos sido un aporte a un Gobierno que no tiene mayor\u00eda en ninguna c\u00e1mara\u00bb, remarc\u00f3.<\/p>\n","protected":false},"excerpt":{"rendered":"&nbsp; Viedma.-(APP) El jefe del bloque de Senadores del FPV-PJ, Miguel Angel Pichetto, advirti\u00f3 que el peronismo necesita \u00abun proceso de renovaci\u00f3n generacional\u00bb \n<a class=\"moretag\" href=\"https:\/\/appnoticias.com.ar\/app\/pichetto-massa-podria-ser-el-nuevo-lider-del-peronismo\/\"> [...]<\/a>","protected":false},"author":5,"featured_media":0,"comment_status":"closed","ping_status":"closed","sticky":false,"template":"","format":"standard","meta":{"footnotes":""},"categories":[3],"tags":[],"class_list":["post-614","post","type-post","status-publish","format-standard","hentry","category-politica"],"_links":{"self":[{"href":"https:\/\/appnoticias.com.ar\/app\/wp-json\/wp\/v2\/posts\/614","targetHints":{"allow":["GET"]}}],"collection":[{"href":"https:\/\/appnoticias.com.ar\/app\/wp-json\/wp\/v2\/posts"}],"about":[{"href":"https:\/\/appnoticias.com.ar\/app\/wp-json\/wp\/v2\/types\/post"}],"author":[{"embeddable":true,"href":"https:\/\/appnoticias.com.ar\/app\/wp-json\/wp\/v2\/users\/5"}],"replies":[{"embeddable":true,"href":"https:\/\/appnoticias.com.ar\/app\/wp-json\/wp\/v2\/comments?post=614"}],"version-history":[{"count":1,"href":"https:\/\/appnoticias.com.ar\/app\/wp-json\/wp\/v2\/posts\/614\/revisions"}],"predecessor-version":[{"id":617,"href":"https:\/\/appnoticias.com.ar\/app\/wp-json\/wp\/v2\/posts\/614\/revisions\/617"}],"wp:attachment":[{"href":"https:\/\/appnoticias.com.ar\/app\/wp-json\/wp\/v2\/media?parent=614"}],"wp:term":[{"taxonomy":"category","embeddable":true,"href":"https:\/\/appnoticias.com.ar\/app\/wp-json\/wp\/v2\/categories?post=614"},{"taxonomy":"post_tag","embeddable":true,"href":"https:\/\/appnoticias.com.ar\/app\/wp-json\/wp\/v2\/tags?post=614"}],"curies":[{"name":"wp","href":"https:\/\/api.w.org\/{rel}","templated":true}]}}