{"id":815,"date":"2016-11-17T10:50:03","date_gmt":"2016-11-17T10:50:03","guid":{"rendered":"https:\/\/appnoticias.com.ar\/app\/?p=815"},"modified":"2016-11-17T11:22:28","modified_gmt":"2016-11-17T11:22:28","slug":"la-unrn-lleva-a-cabo-esta-semana-el-2-concurso-para-cubrir-cargos-no-docentes","status":"publish","type":"post","link":"https:\/\/appnoticias.com.ar\/app\/la-unrn-lleva-a-cabo-esta-semana-el-2-concurso-para-cubrir-cargos-no-docentes\/","title":{"rendered":"La UNRN lleva a cabo esta semana el 2\u00b0 concurso para cubrir cargos no docentes"},"content":{"rendered":"<p align=\"center\">\n<p>&nbsp;<\/p>\n<p>Viedma.- (APP)- La Universidad Nacional de R\u00edo Negro (UNRN) comenz\u00f3 esta semana a sustanciar los concursos correspondiente al segundo llamado realizado en la instituci\u00f3n para cubrir cargos no docentes en todas las localizaciones en donde la UNRN tiene actividades. \u00c9stos se est\u00e1n desarrollando en Viedma, Bariloche y General Roca.<\/p>\n<p>En este proceso de consolidaci\u00f3n administrativa se cubrir\u00e1n 138 puestos laborales de la estructura org\u00e1nica y funcional de la UNRN, que incluyen desde direcciones, jefaturas de departamentos hasta responsables y apoyos t\u00e9cnicos y auxiliares del Rectorado, y de las diferentes localizaciones de las sedes Alto Valle y Valle Medio, Andina y Atl\u00e1ntica.<\/p>\n<p>El llamado se realiza en el marco del Decreto 366\/06, y comprende 32 concursos abiertos, 88 cerrados y 18 cerrados\/abiertos.<\/p>\n<p>La convocatoria se inscribe en el convenio de financiamiento entre el Ministerio de Educaci\u00f3n de la Naci\u00f3n y la UNRN que \u00a0prev\u00e9 la cobertura de aproximadamente 417 cargos a lo largo de cinco a\u00f1os en coincidencia con la finalizaci\u00f3n del per\u00edodo de 10 a\u00f1os de la implementaci\u00f3n del Proyecto Institucional de la Universidad.<\/p>\n<p>Para m\u00e1s informaci\u00f3n: <a href=\"http:\/\/www.unrn.edu.ar\/index.php\/concursos-no-docenteswi\" target=\"_blank\" data-saferedirecturl=\"https:\/\/www.google.com\/url?hl=es&amp;q=http:\/\/www.unrn.edu.ar\/index.php\/concursos-no-docenteswi&amp;source=gmail&amp;ust=1479404691327000&amp;usg=AFQjCNGhU--MmIkd11Gfk0TuzOK0E53jtw\">http:\/\/www.unrn.edu.ar\/index.<wbr \/>php\/concursos-no-docenteswi<\/a>.<\/p>\n","protected":false},"excerpt":{"rendered":"&nbsp; Viedma.- (APP)- La Universidad Nacional de R\u00edo Negro (UNRN) comenz\u00f3 esta semana a sustanciar los concursos correspondiente al segundo llamado realizado en \n<a class=\"moretag\" href=\"https:\/\/appnoticias.com.ar\/app\/la-unrn-lleva-a-cabo-esta-semana-el-2-concurso-para-cubrir-cargos-no-docentes\/\"> [...]<\/a>","protected":false},"author":4,"featured_media":0,"comment_status":"closed","ping_status":"closed","sticky":false,"template":"","format":"standard","meta":{"footnotes":""},"categories":[8],"tags":[],"class_list":["post-815","post","type-post","status-publish","format-standard","hentry","category-cultura-y-educacion"],"_links":{"self":[{"href":"https:\/\/appnoticias.com.ar\/app\/wp-json\/wp\/v2\/posts\/815","targetHints":{"allow":["GET"]}}],"collection":[{"href":"https:\/\/appnoticias.com.ar\/app\/wp-json\/wp\/v2\/posts"}],"about":[{"href":"https:\/\/appnoticias.com.ar\/app\/wp-json\/wp\/v2\/types\/post"}],"author":[{"embeddable":true,"href":"https:\/\/appnoticias.com.ar\/app\/wp-json\/wp\/v2\/users\/4"}],"replies":[{"embeddable":true,"href":"https:\/\/appnoticias.com.ar\/app\/wp-json\/wp\/v2\/comments?post=815"}],"version-history":[{"count":2,"href":"https:\/\/appnoticias.com.ar\/app\/wp-json\/wp\/v2\/posts\/815\/revisions"}],"predecessor-version":[{"id":822,"href":"https:\/\/appnoticias.com.ar\/app\/wp-json\/wp\/v2\/posts\/815\/revisions\/822"}],"wp:attachment":[{"href":"https:\/\/appnoticias.com.ar\/app\/wp-json\/wp\/v2\/media?parent=815"}],"wp:term":[{"taxonomy":"category","embeddable":true,"href":"https:\/\/appnoticias.com.ar\/app\/wp-json\/wp\/v2\/categories?post=815"},{"taxonomy":"post_tag","embeddable":true,"href":"https:\/\/appnoticias.com.ar\/app\/wp-json\/wp\/v2\/tags?post=815"}],"curies":[{"name":"wp","href":"https:\/\/api.w.org\/{rel}","templated":true}]}}