{"id":850,"date":"2016-11-17T19:52:37","date_gmt":"2016-11-17T19:52:37","guid":{"rendered":"https:\/\/appnoticias.com.ar\/app\/?p=850"},"modified":"2016-11-17T19:52:37","modified_gmt":"2016-11-17T19:52:37","slug":"weretilneck-entrego-ocho-nuevas-ambulancias-a-hospitales-de-la-provincia","status":"publish","type":"post","link":"https:\/\/appnoticias.com.ar\/app\/weretilneck-entrego-ocho-nuevas-ambulancias-a-hospitales-de-la-provincia\/","title":{"rendered":"Weretilneck entreg\u00f3 ocho nuevas ambulancias a hospitales de la provincia"},"content":{"rendered":"<p>&nbsp;<\/p>\n<p>&nbsp;<\/p>\n<p>&nbsp;<\/p>\n<p>Viedma.- (APP) El gobernador de R\u00edo Negro, Alberto Weretilneck, presidi\u00f3 hoy en Viedma el acto de entrega de ocho nuevas ambulancias de alta y mediana complejidad otorgadas por el Ministerio de Salud de la Naci\u00f3n.<\/p>\n<p>&nbsp;<\/p>\n<p>En la oportunidad, se entregaron cinco camionetas para el Ministerio de Agricultura, Ganader\u00eda y Pesca y personer\u00edas jur\u00eddicas a instituciones de la capital provincial.<\/p>\n<p>&nbsp;<\/p>\n<p>Las unidades de alta complejidad son destinadas a los hospitales de de Villa Regina, Choele Choel, San Antonio Oeste e Ingeniero Jacobacci. Mientras que las de baja complejidad ser\u00e1n afectadas a los hospitales de Campo Grande, Guardia Mitre, Cinco Saltos y Catriel.<\/p>\n<p>&nbsp;<\/p>\n<p>Al respecto, el ministro de Salud, Fabi\u00e1n Zgaib, explic\u00f3 que esta entrega demuestra el trabajo conjunto que se realiza con Naci\u00f3n.<\/p>\n<p>&nbsp;<\/p>\n<p>\u201cEntre estas acciones podemos mencionar la producci\u00f3n de medicamentos del PROZOME para abastecer al pa\u00eds; la firma que pr\u00f3ximamente realizaremos sobre la Cobertura \u00danica de Salud, para que R\u00edo Negro sea una de las primeras provincias en iniciarla, y la renovaci\u00f3n de convenios de programas nacionales como Incluir Salud, Redes, Sumar y Enfermedades Cr\u00f3nicas No Transmisibles, que cuentan con financiamiento externo. Vamos a afectar parte de ese cr\u00e9dito en un sistema inform\u00e1tico que englobe a todos los hospitales y centros de salud\u201d.<\/p>\n<p>&nbsp;<\/p>\n<p>Asimismo, Zgaib agreg\u00f3 que \u201cesta entrega de ocho ambulancias se suma a la que la Provincia realiz\u00f3 hace cuatro meses con fondos petroleros y propios, entregando otras 19 unidades. De este modo logramos tener casi el 90% de los hospitales con ambulancias cero kil\u00f3metro\u201d y a\u00f1adi\u00f3: \u201cTenemos que resaltar que ocho de los hospitales m\u00e1s importantes de la provincia tendr\u00e1n ambulancias de alta complejidad\u201d.<\/p>\n<p>&nbsp;<\/p>\n<p>En la oportunidad, el funcionario realiz\u00f3 un repaso sobre los fondos destinados a la salud p\u00fablica rionegrina. \u201cEn 2016, invertimos, entre fondos petroleros y propios, casi $50.000.000 en equipamiento. En el hospital Art\u00e9mides Zatti de Viedma se encuentra avanzada la adecuaci\u00f3n de la sala para el tom\u00f3grafo y adem\u00e1s ingresaron m\u00e1s de 250 personas en recursos humanos en los hospitales, entre profesionales y administrativos\u201d.<\/p>\n<p>&nbsp;<\/p>\n<p>\u201cTodo esto pone sobre la mesa la decisi\u00f3n pol\u00edtica de este Gobierno de colocar a disposici\u00f3n de la salud p\u00fablica todos los recursos. No se trata solo de palabras sino de hechos concretos: recursos humanos, obras, equipamiento, todo se est\u00e1 cumpliendo\u201d, dijo.<\/p>\n<p>&nbsp;<\/p>\n<p>Por \u00faltimo, manifest\u00f3: \u201cEstoy muy feliz de que estas ambulancias lleguen a los lugares que las necesitan; tenemos extensiones muy largas, mucha distancia entre los centros que derivan y los que reciben las derivaciones. Los lugares a los que les hemos entregado las unidades es porque necesitan un apoyo m\u00e1s del que tienen, sobre todo en la movilidad\u201d.<\/p>\n<p>&nbsp;<\/p>\n<p>Consultado por la prensa sobre la adquisici\u00f3n de m\u00e1s equipamiento, asegur\u00f3 que \u201cvenimos trabajando desde que asum\u00ed en la eventualidad de obtener equipamiento de Naci\u00f3n y es real la posibilidad de lograr en los pr\u00f3ximos meses alrededor de $30.000.000 para tecnolog\u00eda hospitalaria\u201d.<\/p>\n<p>&nbsp;<\/p>\n<p>Por otra parte, el secretario de Coordinaci\u00f3n del Ministerio de Agricultura, Ganader\u00eda y Pesca, Fernando Malaspina, explic\u00f3 sobre la entrega de camionetas para la cartera que \u201cse trata de cinco veh\u00edculos Toyota Hilux doble cabina 4&#215;2 que son muy necesarios para la Administraci\u00f3n Central del Ministerio y estar\u00e1n destinados a la Secretar\u00eda de Fruticultura, la Direcci\u00f3n de Vitivinicultura, la Subsecretar\u00eda de Ganader\u00eda y la Subsecretar\u00eda de Agricultura, \u00e1reas que tiene extensi\u00f3n en toda la provincia y son muy necesarias para poder estar presentes\u201d.<\/p>\n<p>&nbsp;<\/p>\n<p>Acompa\u00f1aron al Gobernador, el secretario general de la Gobernaci\u00f3n, Mat\u00edas Rulli; los ministros de Salud, Fabi\u00e1n Zgaib; de Gobierno, Luis Di Gi\u00e1como; de Educaci\u00f3n y Derechos Humanos, M\u00f3nica Silva; de Econom\u00eda, Isa\u00edas Kremer, y de Obras y Servicios P\u00fablicos, Carlos Valeri y el secretario de Coordinaci\u00f3n del Ministerio de Agricultura, Ganader\u00eda y Pesca, Fernando Malaspina.<\/p>\n<p>&nbsp;<\/p>\n<p>Adem\u00e1s estuvieron presentes el intendente de Guardia Mitre, \u00c1ngel Zingoni; los legisladores Alejandro Palmieri, Facundo L\u00f3pez, Graciela Valdebenito, Miguel Vidal, Oscar D\u00edaz y Ariel Rivero; adem\u00e1s de directores de hospitales y autoridades provinciales y municipales.<\/p>\n<p>&nbsp;<\/p>\n<p>Caracter\u00edsticas de las ambulancias<\/p>\n<p>&nbsp;<\/p>\n<p>Se trata de veh\u00edculos marca FIAT Modelo Ducato, Diesel Maxi Cargo 2.3 JTD que se encuentran totalmente equipados.<\/p>\n<p>&nbsp;<\/p>\n<p>Las cuatro ambulancias de alta complejidad est\u00e1n equipadas con silla de ruedas, tabla de raquis adulto\/pedi\u00e1trico, set de f\u00e9rulas, estetoscopio, kit de collares philadelphia, chaleco de extricaci\u00f3n, chaleco de inmovilizaci\u00f3n pedi\u00e1trico, inmovilizador lateral, tensi\u00f3metro de pared, panel de oxigeno, 2 tubos de oxigeno, 1 tubo de aluminio de 475 litros, aspirador, camilla plegable, aspirador de diafragma, monitor desfibrilador, bomba infusi\u00f3n volum\u00e9trica, respirador, equipo de comunicaci\u00f3n VHF.<\/p>\n<p>&nbsp;<\/p>\n<p>Mientras que las de mediana complejidad cuentan con silla de ruedas, tabla de raquis adulto pedi\u00e1trico, set de f\u00e9rulas, estetoscopio, kit de collares philadelphia, chaleco de extricaci\u00f3n, chaleco de inmovilizaci\u00f3n pedi\u00e1trico, tensi\u00f3metro de pared, panel de oxigeno, 1 tubo de oxigeno, aspirador, camilla plegable, monitor desfibrilador, bomba de infusi\u00f3n a jeringa, equipo de comunicaci\u00f3n VHF.<\/p>\n<p>&nbsp;<\/p>\n<p>Entrega de personer\u00edas<\/p>\n<p>&nbsp;<\/p>\n<p>En la oportunidad, se realiz\u00f3 la entrega de tres personer\u00edas jur\u00eddicas pertenecientes a Viedma.<\/p>\n<p>&nbsp;<\/p>\n<p>Se trata de la Asociaci\u00f3n Civil Club Deportivo Los Compadres, que tiene como prop\u00f3sito promover el deporte amateur del f\u00fatbol de sal\u00f3n en sus diferentes categor\u00edas; la Fundaci\u00f3n Transitando Con Vos, que tiene como fin mejorar la calidad de vida de ni\u00f1os y familiares en situaci\u00f3n de vulnerabilidad, brindando asistencia alimentaria y la Fundaci\u00f3n Creciendo Feliz, que tiene como objetivo lograr la apertura de un centro de estimulaci\u00f3n temprana, para ni\u00f1os con discapacidad y ni\u00f1os en general desde los seis meses a cinco a\u00f1os de edad.<\/p>\n","protected":false},"excerpt":{"rendered":"&nbsp; &nbsp; &nbsp; Viedma.- (APP) El gobernador de R\u00edo Negro, Alberto Weretilneck, presidi\u00f3 hoy en Viedma el acto de entrega de ocho nuevas \n<a class=\"moretag\" href=\"https:\/\/appnoticias.com.ar\/app\/weretilneck-entrego-ocho-nuevas-ambulancias-a-hospitales-de-la-provincia\/\"> [...]<\/a>","protected":false},"author":5,"featured_media":0,"comment_status":"closed","ping_status":"closed","sticky":false,"template":"","format":"standard","meta":{"footnotes":""},"categories":[3],"tags":[],"class_list":["post-850","post","type-post","status-publish","format-standard","hentry","category-politica"],"_links":{"self":[{"href":"https:\/\/appnoticias.com.ar\/app\/wp-json\/wp\/v2\/posts\/850","targetHints":{"allow":["GET"]}}],"collection":[{"href":"https:\/\/appnoticias.com.ar\/app\/wp-json\/wp\/v2\/posts"}],"about":[{"href":"https:\/\/appnoticias.com.ar\/app\/wp-json\/wp\/v2\/types\/post"}],"author":[{"embeddable":true,"href":"https:\/\/appnoticias.com.ar\/app\/wp-json\/wp\/v2\/users\/5"}],"replies":[{"embeddable":true,"href":"https:\/\/appnoticias.com.ar\/app\/wp-json\/wp\/v2\/comments?post=850"}],"version-history":[{"count":1,"href":"https:\/\/appnoticias.com.ar\/app\/wp-json\/wp\/v2\/posts\/850\/revisions"}],"predecessor-version":[{"id":852,"href":"https:\/\/appnoticias.com.ar\/app\/wp-json\/wp\/v2\/posts\/850\/revisions\/852"}],"wp:attachment":[{"href":"https:\/\/appnoticias.com.ar\/app\/wp-json\/wp\/v2\/media?parent=850"}],"wp:term":[{"taxonomy":"category","embeddable":true,"href":"https:\/\/appnoticias.com.ar\/app\/wp-json\/wp\/v2\/categories?post=850"},{"taxonomy":"post_tag","embeddable":true,"href":"https:\/\/appnoticias.com.ar\/app\/wp-json\/wp\/v2\/tags?post=850"}],"curies":[{"name":"wp","href":"https:\/\/api.w.org\/{rel}","templated":true}]}}