{"id":9587,"date":"2020-07-18T10:17:15","date_gmt":"2020-07-18T10:17:15","guid":{"rendered":"https:\/\/appnoticias.com.ar\/app\/?p=9587"},"modified":"2020-07-18T11:48:52","modified_gmt":"2020-07-18T11:48:52","slug":"vivencias-y-recuerdos-sobre-la-inundacion-que-sufrio-viedma-en-julio-de-1899","status":"publish","type":"post","link":"https:\/\/appnoticias.com.ar\/app\/vivencias-y-recuerdos-sobre-la-inundacion-que-sufrio-viedma-en-julio-de-1899\/","title":{"rendered":"Vivencias\u00a0 y recuerdos sobre la inundaci\u00f3n que sufri\u00f3 Viedma en julio de 1899"},"content":{"rendered":"\n<p><\/p>\n\n\n<p>Viedma.- (APP) \u00a0Domingo Perfetti naci\u00f3 en Viedma en 1894. Ingres\u00f3 a la administraci\u00f3n p\u00fablica del Territorio Nacional de R\u00edo Negro en 1911 y despu\u00e9s de ocupar distintos cargos de responsabilidad desempe\u00f1\u00f3 eficazmente las funciones de gobernador interino, entre el 17 de mayo de 1929 y el 15 de septiembre de 1930.<\/p>\n<p>Posteriormente fue Secretario General de la Gobernaci\u00f3n hasta 1956, momento en que despu\u00e9s de 45 a\u00f1os de servicios ininterrumpidos se acogi\u00f3 a los beneficios de la jubilaci\u00f3n.<\/p>\n<p>Cuando se produjo la gran inundaci\u00f3n de 1899 ten\u00eda cinco a\u00f1os de edad y su testimonio, que se transcribe a continuaci\u00f3n, resulta muy interesante para conocer y comprender detalles de aquel momento hist\u00f3rico. Tal vez al m\u00e1s cr\u00edtico que le haya tocado vivir Viedma. Este relato fue incluido en una de las ediciones del peri\u00f3dico \u201cLa Calle\u201d, de julio de 1979.<\/p>\n<p>\u201cSe inundaron los valles del r\u00edo Negro en todo su curso, otras localidades y por supuesto Viedma. Avisado del peligro que ello supon\u00eda el gobernador del Territorio Eugenio Tello recorri\u00f3 a caballo la zona aleda\u00f1a a la poblaci\u00f3n, indicando la necesidad de abandonar sin demora las viviendas y tratar de llegar\u00a0 a trasladarse a Patagones. As\u00ed\u00a0 lo hacen los habitantes. Posteriormente designa al ingeniero Eliseo Schieroni para atender la defensa del pueblo hasta\u00a0 donde sea posible, tarea que realiza con gran esfuerzo este\u00a0 profesional vecino, encari\u00f1ado con el terru\u00f1o lugare\u00f1o.\u201d \u201cEl agua siempre en crecida sobrepas\u00f3 los terraplenes construidos por Schieroni y comienza a anegar a la ciudad. Se constituy\u00f3 una comisi\u00f3n integrada por el gobernador Tello y\u00a0 los vecinos Contin, Balda, Inda, Humble y el preb\u00edstero Evasio Garrone\u201d.<\/p>\n<p>\u201cAl finalizar julio se precipita el agua de El juncal sobre\u00a0 la planicie del cementerio y se junta con el caudal del r\u00edo en las cercan\u00edas de la plaza Vintter (hoy Alsina). El embarque organizado en d\u00edas anteriores se hace por la calle Mendoza en chalanas a remo que trasladan a los inundados al vapor Limay situado en el embarcadero. Hay adem\u00e1s otros barcos de r\u00edo de la Armada\u00a0 Nacional que sin inconvenientes hace el cruce de los numerosos damnificados a Patagones.\u00a0 No se registraron v\u00edctimas.\u201d\u00a0 \u201cEn los barrios bajos las viviendas se desmoronan y en los contornos de\u00a0\u00a0 la Plaza Alvear, hoy San Mart\u00edn, caen entre otros los edificios de la c\u00e1rcel, y la polic\u00eda , la gobernaci\u00f3n y la residencia del gobernador. La mayor\u00eda de los edificios ubicados en las calles del centro de la ciudad, quedaron deteriorados, pero en pie, y fueron reparados de a poco el desastre por sus propios due\u00f1o con la ayuda del gobierno.. En el mismo sitio, en 1902 monse\u00f1or Juan Cagliero comenz\u00f3 la construcci\u00f3n de la iglesia catedral. La poblaci\u00f3n se traslado con tiempo y comodidad a Patagones, y algunos de relaci\u00f3n con los salesianos quedaron en la planta alta del colegio San\u00a0 Francisco de Sales hasta el retiro de las aguas.<\/p>\n<p>\u201cLos habitantes Patagones recibieron cordialmente a los desgraciados vecino de Viedma y los alojaron en casas de familia. De inmediato en la ciudad hermana se organiz\u00f3 una comisi\u00f3n encargada de socorrer a los necesitados. El gobierno nacional fleto al vapor Pomona con carga de v\u00edveres, ropas y abrigos, donados en parte por la sociedad de Buenos Aires. Tambi\u00e9n se ofrecieron posibilidades para quienes\u00a0 quisieran ir a Buenos Aires y abandonar el pueblo de Viedma.\u00a0 Algunos lo hicieron.\u201d<\/p>\n<p>\u201cA poco el gobierno construy\u00f3 un gran galp\u00f3n en el solar donde actualmente est\u00e1 ubicado el correo de Viedma. All\u00ed fueron alojados los que carec\u00edan de viviendas, hasta tanto se levantara de nuevo las propias con ayuda del gobierno. Ese edificio\u00a0 de madera y zinc sirvi\u00f3 durante a\u00f1os de c\u00e1rcel, de asentamiento para la polic\u00eda, y alojamiento para los destacamentos de militares del quinto y s\u00e9ptimo regimiento de\u00a0 infanter\u00eda.\u201d<\/p>\n<p>\u201cEntre episodios propios del peligro y salvataje se consigna\u00a0 el ya conocido\u00a0 del teniente de guardias nacionales, Juli\u00e1n Inda, al conseguir rescatar con riesgo de su vida la bandera hist\u00f3rica reliquia que durante mucho tiempo estuvo resguardada en las instalaciones del ex Distrito Militar 66, luego \u201cR\u00edo Negro\u201d.<\/p>\n<p>\u201cReestablecida de a poco la vida en la peque\u00f1a ciudad, por entonces la m\u00e1s importante de R\u00edo Negro, autoridades y pobladores continuaron ofreciendo un ejemplo de laboriosidad y cultura ciudadana, como lo sigue demostrando sin pausa la vieja y querida ciudad capital\u201d. (APP).<\/p>\n<p>\u00a0<\/p>\n<p>\u00a0<\/p>","protected":false},"excerpt":{"rendered":"Viedma.- (APP) \u00a0Domingo Perfetti naci\u00f3 en Viedma en 1894. Ingres\u00f3 a la administraci\u00f3n p\u00fablica del Territorio Nacional de R\u00edo Negro en 1911 y \n<a class=\"moretag\" href=\"https:\/\/appnoticias.com.ar\/app\/vivencias-y-recuerdos-sobre-la-inundacion-que-sufrio-viedma-en-julio-de-1899\/\"> [...]<\/a>","protected":false},"author":5,"featured_media":0,"comment_status":"closed","ping_status":"closed","sticky":false,"template":"","format":"standard","meta":{"footnotes":""},"categories":[3],"tags":[],"class_list":["post-9587","post","type-post","status-publish","format-standard","hentry","category-politica"],"_links":{"self":[{"href":"https:\/\/appnoticias.com.ar\/app\/wp-json\/wp\/v2\/posts\/9587","targetHints":{"allow":["GET"]}}],"collection":[{"href":"https:\/\/appnoticias.com.ar\/app\/wp-json\/wp\/v2\/posts"}],"about":[{"href":"https:\/\/appnoticias.com.ar\/app\/wp-json\/wp\/v2\/types\/post"}],"author":[{"embeddable":true,"href":"https:\/\/appnoticias.com.ar\/app\/wp-json\/wp\/v2\/users\/5"}],"replies":[{"embeddable":true,"href":"https:\/\/appnoticias.com.ar\/app\/wp-json\/wp\/v2\/comments?post=9587"}],"version-history":[{"count":1,"href":"https:\/\/appnoticias.com.ar\/app\/wp-json\/wp\/v2\/posts\/9587\/revisions"}],"predecessor-version":[{"id":9589,"href":"https:\/\/appnoticias.com.ar\/app\/wp-json\/wp\/v2\/posts\/9587\/revisions\/9589"}],"wp:attachment":[{"href":"https:\/\/appnoticias.com.ar\/app\/wp-json\/wp\/v2\/media?parent=9587"}],"wp:term":[{"taxonomy":"category","embeddable":true,"href":"https:\/\/appnoticias.com.ar\/app\/wp-json\/wp\/v2\/categories?post=9587"},{"taxonomy":"post_tag","embeddable":true,"href":"https:\/\/appnoticias.com.ar\/app\/wp-json\/wp\/v2\/tags?post=9587"}],"curies":[{"name":"wp","href":"https:\/\/api.w.org\/{rel}","templated":true}]}}