{"id":9640,"date":"2017-07-10T20:29:46","date_gmt":"2017-07-10T20:29:46","guid":{"rendered":"https:\/\/appnoticias.com.ar\/app\/?p=9640"},"modified":"2017-07-10T20:29:46","modified_gmt":"2017-07-10T20:29:46","slug":"el-valle-inferior-del-rio-negro-y-la-laguna-el-juncal","status":"publish","type":"post","link":"https:\/\/appnoticias.com.ar\/app\/el-valle-inferior-del-rio-negro-y-la-laguna-el-juncal\/","title":{"rendered":"El Valle Inferior del R\u00edo Negro y la laguna El Juncal"},"content":{"rendered":"<p>&nbsp;<\/p>\n<p>Viedma.- (APP) La mayor\u00eda de los habitantes de la comarca de\u00a0 Viedma-Patagones conoce el hecho y las consecuencias de la gran inundaci\u00f3n de julio de 1899,\u00a0 pero seguramente ignora que una de las causas -seguramente la principal- que produjo\u00a0 el anegamiento y pr\u00e1cticamente la destrucci\u00f3n de la capital del antiguo territorio nacional, obedeci\u00f3 a un desborde de la laguna El Juncal .<\/p>\n<p>Este inmenso reservorio de agua estuvo ubicado en forma paralela a \u201cLa Cuchilla\u201d y tenia una extensi\u00f3n de unos 60 kil\u00f3metros entre Cubanea y las proximidades del balneario El C\u00f3ndor.<\/p>\n<p>La laguna formaba parte del paisaje regional conformando un gigantesco espejo\u00a0 que cubr\u00eda en situaciones normales unas 16.000 hect\u00e1reas, pero que en\u00e9pocas de crecientes llegaba a ocupar hasta 400.000 hect\u00e1reas, ya sea por los repuntes del r\u00edo, lluvias o deshielos en la primavera. Era alimentado en forma permanente por los llamados zanjones de Oyuela, Nu\u00f1ez, Alderete, Herrero, Correntoso, Berraute y\u00a0 Crespo, provenientes del r\u00edo.<\/p>\n<p>Su presencia sustrajo a las explotaciones agr\u00edcolas y ganaderas tierras de excelente aptitud para estas actividades.<\/p>\n<p>Esa realidad\u00a0 y el peligro de las inundaciones plantearon la necesidad de realizar obras que\u00a0 pudieran conjurar esas acechanzas.<\/p>\n<p>Con respecto a este tema el profesor Jorge Entraigas\u00a0 public\u00f3 un breve trabajo sobre la laguna de El Juncal, donde incluye un r\u00e1pido repaso de los proyectos que fueron surgiendo con el paso del tiempo. Concluye\u00a0 que a excepci\u00f3n de algunas obras impulsadas y concretadas en su\u00a0 momento por el Ingeniero Eliseo Schieroni, las dem\u00e1s no llegaron a\u00a0 feliz t\u00e9rmino.<\/p>\n<p>Entraigas sostiene que despu\u00e9s de la inundaci\u00f3n de 1899 empezaron a estudiarse medidas\u00a0 para evitar \u00a0la repetici\u00f3n de ese fen\u00f3meno\u00a0 y el marino Santiago Albarrac\u00edn\u00a0 aconsej\u00f3 al gobernador Eugenio Tello la necesidad de hacer un canal de desag\u00fce que desembocara en al costa atl\u00e1ntica.<\/p>\n<p>El ingeniero Cesar Cipolletti, quien dise\u00f1\u00f3 las obras de regad\u00edo en el Alto Valle, realiz\u00f3 un estudio del Valle Inferior, sugiriendo que adem\u00e1s de los canales de desague, hab\u00eda que obstruir las bocas e entradas en los zanjones que alimentaban el r\u00edo.<\/p>\n<p>Al poco tiempo el ingeniero Eliseo Schieroni tuvo a su cargo la construcci\u00f3n de una parte del proyecto de canal de desag\u00fce,\u00a0 aunque disponiendo de escasos recursos y del personal necesario para esa tarea.<\/p>\n<p>Apunta\u00a0 Entraigas que un nuevo estudio correspondi\u00f3 al ingeniero Giosu\u00e9 Sironi quien propuso una serie de obras complementarias para cerrar la entrada de\u00a0 de algunos zanjones, hacer canales de descarga y construir puentes para evitar la incomunicaci\u00f3n entre las distintas zonas del valle.<\/p>\n<p>Recuerda\u00a0 que all\u00e1 por 1904 el ingeniero Guido Beltrami visit\u00f3 la regi\u00f3n y concluy\u00f3 que el plan Sironi era el m\u00e1s adecuado. Pero no llegaban las soluciones y los informes t\u00e9cnicos se iban acumulando \u00a0en las oficinas del Ministerio de Obras P\u00fablicas de la Naci\u00f3n.<\/p>\n<p>Otra iniciativa presentada en 1911 correspondi\u00f3 al ingeniero R\u00f3mulo Quartino pero esta vez los trabajos estaban orientados a llevar adelante un plan de regad\u00edo de todo el \u00e1rea destinada a favorecer las explotaciones agr\u00edcolas. Se estimaba construir canales y desagues con salida al r\u00edo o al mar y\u00a0 levantar terraplenes en distintas entradas del agua.<\/p>\n<p>As\u00ed se aprovechar\u00edan unas 40.000 hect\u00e1reas y se terminar\u00eda con el problema de las inundaciones.<\/p>\n<p>El ingeniero Schieroni apoy\u00f3 la propuesta de Quartino,\u00a0 pero todo sigui\u00f3 igual.<\/p>\n<p>Dice el profesor Entraigas que finalmente \u00a0 que se construyeron los terraplenes y la tierra se dedic\u00f3 a la ganader\u00eda .<\/p>\n<p>Ya en el inicio de la d\u00e9cada del 60, despu\u00e9s de realizados los estudios para el \u201cPlan de Desarrollo Agr\u00edcola del Valle de Viedma\u201d por Italconsult,\u00a0 el Ejecutivo rionegrino\u00a0 remiti\u00f3 a la legislatura el proyecto de este regad\u00edo, cuya ley fue aprobada en agosto de 1961. (APP)<\/p>\n<p>Nota de la redacci\u00f3n: El proyecto IDEVI tiene hoy \u2013transcurrido medio siglo-, solamente poco m\u00e1s de 20.000 hect\u00e1reas bajo riego, pero el plan original que fue interrumpido contemplaba la puesta en valor de 75.000 hect\u00e1reas y la radicaci\u00f3n de agro- industrias . (APP)<\/p>\n","protected":false},"excerpt":{"rendered":"&nbsp; Viedma.- (APP) La mayor\u00eda de los habitantes de la comarca de\u00a0 Viedma-Patagones conoce el hecho y las consecuencias de la gran inundaci\u00f3n \n<a class=\"moretag\" href=\"https:\/\/appnoticias.com.ar\/app\/el-valle-inferior-del-rio-negro-y-la-laguna-el-juncal\/\"> [...]<\/a>","protected":false},"author":5,"featured_media":0,"comment_status":"closed","ping_status":"closed","sticky":false,"template":"","format":"standard","meta":{"footnotes":""},"categories":[3],"tags":[],"class_list":["post-9640","post","type-post","status-publish","format-standard","hentry","category-politica"],"_links":{"self":[{"href":"https:\/\/appnoticias.com.ar\/app\/wp-json\/wp\/v2\/posts\/9640","targetHints":{"allow":["GET"]}}],"collection":[{"href":"https:\/\/appnoticias.com.ar\/app\/wp-json\/wp\/v2\/posts"}],"about":[{"href":"https:\/\/appnoticias.com.ar\/app\/wp-json\/wp\/v2\/types\/post"}],"author":[{"embeddable":true,"href":"https:\/\/appnoticias.com.ar\/app\/wp-json\/wp\/v2\/users\/5"}],"replies":[{"embeddable":true,"href":"https:\/\/appnoticias.com.ar\/app\/wp-json\/wp\/v2\/comments?post=9640"}],"version-history":[{"count":1,"href":"https:\/\/appnoticias.com.ar\/app\/wp-json\/wp\/v2\/posts\/9640\/revisions"}],"predecessor-version":[{"id":9642,"href":"https:\/\/appnoticias.com.ar\/app\/wp-json\/wp\/v2\/posts\/9640\/revisions\/9642"}],"wp:attachment":[{"href":"https:\/\/appnoticias.com.ar\/app\/wp-json\/wp\/v2\/media?parent=9640"}],"wp:term":[{"taxonomy":"category","embeddable":true,"href":"https:\/\/appnoticias.com.ar\/app\/wp-json\/wp\/v2\/categories?post=9640"},{"taxonomy":"post_tag","embeddable":true,"href":"https:\/\/appnoticias.com.ar\/app\/wp-json\/wp\/v2\/tags?post=9640"}],"curies":[{"name":"wp","href":"https:\/\/api.w.org\/{rel}","templated":true}]}}